{"id":16434,"date":"2025-02-07T05:27:59","date_gmt":"2025-02-07T02:27:59","guid":{"rendered":"https:\/\/www.egemtv.com\/?p=16434"},"modified":"2025-02-07T05:28:04","modified_gmt":"2025-02-07T02:28:04","slug":"kutahyada-isci-servisi-kaza-yapti-3-yarali","status":"publish","type":"post","link":"https:\/\/www.egemtv.com\/?p=16434","title":{"rendered":"K\u00fctahya\u2019da i\u015f\u00e7i servisi kaza yapt\u0131: 3 yaral\u0131"},"content":{"rendered":"<p>K\u00fctahya\u2019n\u0131n Tav\u015fanl\u0131 il\u00e7esine ba\u011fl\u0131 Tun\u00e7bilek beldesinde i\u015f\u00e7ileri ta\u015f\u0131yan servis arac\u0131 kontrolden \u00e7\u0131karak yan yatt\u0131. Kaza neticesinde 3 ki\u015fi yaraland\u0131.<br \/>\n<br \/>Edinilen bilgilere g\u00f6re, Tun\u00e7bilek Garp Linyit \u0130\u015fletmeleri\u2019nden Domani\u00e7 il\u00e7esine k\u00f6m\u00fcr i\u015f\u00e7ilerini ta\u015f\u0131yan A.G. (66) idaresindeki 43 AFN 325 plakal\u0131 servis arac\u0131, Tun\u00e7bilek \u00e7\u0131k\u0131\u015f\u0131nda buzlanma nedeniyle kontrolden \u00e7\u0131karak yan yatt\u0131.<br \/>\n<br \/>Kazan\u0131n ard\u0131ndan olay yerine 112 Acil Servis ekipleri sevk edildi. \u0130lk belirlemelere g\u00f6re i\u015f\u00e7ilerden F.D. (41), S.T. (41) ve K.A. (31) yaraland\u0131. Yaral\u0131lara olay yerinde ilk m\u00fcdahale yap\u0131ld\u0131ktan sonra Tav\u015fanl\u0131 Do\u00e7. Dr. Mustafa Kalemli Devlet Hastanesi\u2019ne sevk edildi.<br \/>\n<br \/>Yetkililer, kazayla ilgili soru\u015fturman\u0131n devam etti\u011fini bildirdi.<br \/><\/p>\n","protected":false},"excerpt":{"rendered":"<p>K\u00fctahya\u2019n\u0131n Tav\u015fanl\u0131 il\u00e7esine ba\u011fl\u0131 Tun\u00e7bilek beldesinde i\u015f\u00e7ileri ta\u015f\u0131yan servis arac\u0131 kontrolden \u00e7\u0131karak yan yatt\u0131. Kaza neticesinde 3 ki\u015fi yaraland\u0131. Edinilen bilgilere g\u00f6re, Tun\u00e7bilek Garp Linyit \u0130\u015fletmeleri\u2019nden Domani\u00e7 il\u00e7esine k\u00f6m\u00fcr i\u015f\u00e7ilerini ta\u015f\u0131yan A.G. (66) idaresindeki 43 AFN 325 plakal\u0131 servis arac\u0131, Tun\u00e7bilek \u00e7\u0131k\u0131\u015f\u0131nda buzlanma nedeniyle kontrolden \u00e7\u0131karak yan yatt\u0131. Kazan\u0131n ard\u0131ndan olay yerine 112 Acil Servis&#8230;<\/p>\n","protected":false},"author":1,"featured_media":16435,"comment_status":"open","ping_status":"open","sticky":false,"template":"","format":"standard","meta":{"_crdt_document":"","footnotes":""},"categories":[5],"tags":[],"class_list":["post-16434","post","type-post","status-publish","format-standard","has-post-thumbnail","hentry","category-asayis"],"_links":{"self":[{"href":"https:\/\/www.egemtv.com\/index.php?rest_route=\/wp\/v2\/posts\/16434","targetHints":{"allow":["GET"]}}],"collection":[{"href":"https:\/\/www.egemtv.com\/index.php?rest_route=\/wp\/v2\/posts"}],"about":[{"href":"https:\/\/www.egemtv.com\/index.php?rest_route=\/wp\/v2\/types\/post"}],"author":[{"embeddable":true,"href":"https:\/\/www.egemtv.com\/index.php?rest_route=\/wp\/v2\/users\/1"}],"replies":[{"embeddable":true,"href":"https:\/\/www.egemtv.com\/index.php?rest_route=%2Fwp%2Fv2%2Fcomments&post=16434"}],"version-history":[{"count":1,"href":"https:\/\/www.egemtv.com\/index.php?rest_route=\/wp\/v2\/posts\/16434\/revisions"}],"predecessor-version":[{"id":16436,"href":"https:\/\/www.egemtv.com\/index.php?rest_route=\/wp\/v2\/posts\/16434\/revisions\/16436"}],"wp:featuredmedia":[{"embeddable":true,"href":"https:\/\/www.egemtv.com\/index.php?rest_route=\/wp\/v2\/media\/16435"}],"wp:attachment":[{"href":"https:\/\/www.egemtv.com\/index.php?rest_route=%2Fwp%2Fv2%2Fmedia&parent=16434"}],"wp:term":[{"taxonomy":"category","embeddable":true,"href":"https:\/\/www.egemtv.com\/index.php?rest_route=%2Fwp%2Fv2%2Fcategories&post=16434"},{"taxonomy":"post_tag","embeddable":true,"href":"https:\/\/www.egemtv.com\/index.php?rest_route=%2Fwp%2Fv2%2Ftags&post=16434"}],"curies":[{"name":"wp","href":"https:\/\/api.w.org\/{rel}","templated":true}]}}