{"id":16431,"date":"2025-02-07T00:55:39","date_gmt":"2025-02-06T21:55:39","guid":{"rendered":"https:\/\/www.egemtv.com\/?p=16431"},"modified":"2025-02-07T00:55:45","modified_gmt":"2025-02-06T21:55:45","slug":"selcuk-inan-basa-bas-mucadele-ettik","status":"publish","type":"post","link":"https:\/\/www.egemtv.com\/?p=16431","title":{"rendered":"Sel\u00e7uk \u0130nan: &#8220;Ba\u015fa ba\u015f m\u00fccadele ettik&#8221;"},"content":{"rendered":"<p>Gaziantep FK Teknik Direkt\u00f6r\u00fc Sel\u00e7uk \u0130nan, 1-0 kaybedilen G\u00f6ztepe ma\u00e7\u0131 sonras\u0131nda ba\u015fa ba\u015f m\u00fccadele ettiklerini ifade ederek, &#8220;Fiziksel olarak g\u00fc\u00e7l\u00fc bir tak\u0131ma kar\u015f\u0131 oynayacakt\u0131k. En az\u0131ndan daha dinlenen oyuncular\u0131 sahaya koymak istedim&#8221; dedi.<br \/>\n<br \/>Ziraat T\u00fcrkiye Kupas\u0131 B Grubu ikinci ma\u00e7\u0131nda Gaziantep FK, deplasmanda G\u00f6ztepe\u2019ye 1-0 ma\u011flup oldu. Gaziantep FK Teknik Direkt\u00f6r\u00fc Sel\u00e7uk \u0130nan, kar\u015f\u0131la\u015fma sonras\u0131nda a\u00e7\u0131klamalarda bulundu. 6 \u015eubat depremlerinin 2. y\u0131l d\u00f6n\u00fcm\u00fc oldu\u011funu hat\u0131rlatan Sel\u00e7uk \u0130nan, &#8220;\u00c7ok k\u00f6t\u00fc bir g\u00fcn\u00fcn ikinci y\u0131l d\u00f6n\u00fcm\u00fc. Depremi ya\u015fam\u0131\u015f biri olarak ac\u0131s\u0131, \u00fcz\u00fcnt\u00fcs\u00fc i\u00e7imizde. Kaybetti\u011fimiz insanlara tekrar Allah\u2019tan rahmet diliyorum. Yak\u0131nlar\u0131na ba\u015fsa\u011fl\u0131\u011f\u0131 diliyorum&#8221; diye konu\u015ftu.<\/p>\n<p>&#8220;Fiziksel olarak g\u00fc\u00e7l\u00fc bir tak\u0131ma kar\u015f\u0131 oynad\u0131k&#8221;<br \/>\n<br \/>Bug\u00fcn daha az forma \u015fans\u0131 bulan oyuncular\u0131n\u0131 s\u00fcre vermek istedi\u011fini belirten \u0130nan, &#8220;Fiziksel olarak g\u00fc\u00e7l\u00fc bir tak\u0131ma kar\u015f\u0131 oynayacakt\u0131k. En az\u0131ndan daha dinlenen oyuncular\u0131 sahaya koymak istedim. Bunda da zaman zaman ba\u015far\u0131l\u0131 oldu\u011fumuzu s\u00f6yleyebilirim. Ba\u015fa ba\u015f m\u00fccadele ettik. 1-0 kaybettik ama beraberli\u011fi de yakalayabilirdik. Kendi seyircisi \u00f6n\u00fcnde g\u00fc\u00e7l\u00fc bir tak\u0131ma kar\u015f\u0131 oynad\u0131k. Buna ra\u011fmen sonuna kadar beraberli\u011fi ya da galibiyeti kovalad\u0131k ama bug\u00fcn olmad\u0131. G\u00f6ztepe\u2019yi galibiyetinden \u00f6t\u00fcr\u00fc tebrik ediyorum&#8221; diyerek s\u00f6zlerini noktalad\u0131.<br \/><\/p>\n","protected":false},"excerpt":{"rendered":"<p>Gaziantep FK Teknik Direkt\u00f6r\u00fc Sel\u00e7uk \u0130nan, 1-0 kaybedilen G\u00f6ztepe ma\u00e7\u0131 sonras\u0131nda ba\u015fa ba\u015f m\u00fccadele ettiklerini ifade ederek, &#8220;Fiziksel olarak g\u00fc\u00e7l\u00fc bir tak\u0131ma kar\u015f\u0131 oynayacakt\u0131k. En az\u0131ndan daha dinlenen oyuncular\u0131 sahaya koymak istedim&#8221; dedi. Ziraat T\u00fcrkiye Kupas\u0131 B Grubu ikinci ma\u00e7\u0131nda Gaziantep FK, deplasmanda G\u00f6ztepe\u2019ye 1-0 ma\u011flup oldu. Gaziantep FK Teknik Direkt\u00f6r\u00fc Sel\u00e7uk \u0130nan, kar\u015f\u0131la\u015fma sonras\u0131nda&#8230;<\/p>\n","protected":false},"author":1,"featured_media":16432,"comment_status":"open","ping_status":"open","sticky":false,"template":"","format":"standard","meta":{"_crdt_document":"","footnotes":""},"categories":[4],"tags":[],"class_list":["post-16431","post","type-post","status-publish","format-standard","has-post-thumbnail","hentry","category-spor"],"_links":{"self":[{"href":"https:\/\/www.egemtv.com\/index.php?rest_route=\/wp\/v2\/posts\/16431","targetHints":{"allow":["GET"]}}],"collection":[{"href":"https:\/\/www.egemtv.com\/index.php?rest_route=\/wp\/v2\/posts"}],"about":[{"href":"https:\/\/www.egemtv.com\/index.php?rest_route=\/wp\/v2\/types\/post"}],"author":[{"embeddable":true,"href":"https:\/\/www.egemtv.com\/index.php?rest_route=\/wp\/v2\/users\/1"}],"replies":[{"embeddable":true,"href":"https:\/\/www.egemtv.com\/index.php?rest_route=%2Fwp%2Fv2%2Fcomments&post=16431"}],"version-history":[{"count":1,"href":"https:\/\/www.egemtv.com\/index.php?rest_route=\/wp\/v2\/posts\/16431\/revisions"}],"predecessor-version":[{"id":16433,"href":"https:\/\/www.egemtv.com\/index.php?rest_route=\/wp\/v2\/posts\/16431\/revisions\/16433"}],"wp:featuredmedia":[{"embeddable":true,"href":"https:\/\/www.egemtv.com\/index.php?rest_route=\/wp\/v2\/media\/16432"}],"wp:attachment":[{"href":"https:\/\/www.egemtv.com\/index.php?rest_route=%2Fwp%2Fv2%2Fmedia&parent=16431"}],"wp:term":[{"taxonomy":"category","embeddable":true,"href":"https:\/\/www.egemtv.com\/index.php?rest_route=%2Fwp%2Fv2%2Fcategories&post=16431"},{"taxonomy":"post_tag","embeddable":true,"href":"https:\/\/www.egemtv.com\/index.php?rest_route=%2Fwp%2Fv2%2Ftags&post=16431"}],"curies":[{"name":"wp","href":"https:\/\/api.w.org\/{rel}","templated":true}]}}