{"id":16428,"date":"2025-02-07T00:27:57","date_gmt":"2025-02-06T21:27:57","guid":{"rendered":"https:\/\/www.egemtv.com\/?p=16428"},"modified":"2025-02-07T00:28:03","modified_gmt":"2025-02-06T21:28:03","slug":"kahramanmaras-depremlerinde-hayatini-kaybedenler-anildi","status":"publish","type":"post","link":"https:\/\/www.egemtv.com\/?p=16428","title":{"rendered":"Kahramanmara\u015f depremlerinde hayat\u0131n\u0131 kaybedenler an\u0131ld\u0131"},"content":{"rendered":"<p>Manisa\u2019n\u0131n Sar\u0131g\u00f6l il\u00e7esinde, 6 \u015eubat depremlerinin y\u0131l d\u00f6n\u00fcm\u00fc nedeniyle bir anma program\u0131 d\u00fczenlendi. Sar\u0131g\u00f6l \u0130l\u00e7e Milli E\u011fitim M\u00fcd\u00fcrl\u00fc\u011f\u00fc taraf\u0131ndan organize edilen program, Sar\u0131g\u00f6l Mesleki Teknik Anadolu Lisesi konferans salonunda ger\u00e7ekle\u015ftirildi.<br \/>\n<br \/>Programa Sar\u0131g\u00f6l Kaymakam\u0131 Halil Dalak, \u0130l\u00e7e Milli E\u011fitim M\u00fcd\u00fcr\u00fc Cezmi Y\u0131ld\u0131rak, \u0130l\u00e7e M\u00fcft\u00fcs\u00fc Metin G\u00fcvenir, \u00f6\u011fretmenler ve \u00f6\u011frenciler kat\u0131ld\u0131.<br \/>\n<br \/>Program, sayg\u0131 duru\u015funda bulunulmas\u0131 ve \u0130stiklal Mar\u015f\u0131\u2019n\u0131n okunmas\u0131yla ba\u015flad\u0131. Kur\u2019an-\u0131 Kerim tilaveti ve yap\u0131lan dualarla devam eden programda depremde haf\u0131zalara kaz\u0131nan g\u00f6r\u00fcnt\u00fclerin izlenmesi ve deprem sonras\u0131 yap\u0131lan \u00e7al\u0131\u015fmalar\u0131n g\u00f6sterimi duygusal anlar ya\u015fanmas\u0131na neden oldu. Programda, depremde hayat\u0131n\u0131 kaybedenler an\u0131larak, deprem b\u00f6lgesinde ya\u015fayan vatanda\u015flar\u0131n yaln\u0131z olmad\u0131\u011f\u0131 mesaj\u0131 verildi.<br \/>\n<br \/>\u0130l\u00e7e Milli E\u011fitim M\u00fcd\u00fcr\u00fc Cezmi Y\u0131ld\u0131rak, programla ilgili olarak, &#8220;6 \u015eubat depreminde hayat\u0131n\u0131 kaybeden vatanda\u015flar\u0131m\u0131z i\u00e7in Kur\u2019an-\u0131 Kerim tilaveti okuttuk. Depremin verdi\u011fi felaketin g\u00f6r\u00fcnt\u00fcleri izletildi. Cenab-\u0131 Allah bir daha b\u00f6yle bir felaket ya\u015fatmas\u0131n.&#8221; dedi.<br \/>\n<br \/>Anma program\u0131, bu ac\u0131lar\u0131n bir daha ya\u015fanmamas\u0131 temennisiyle sona erdi.<br \/><\/p>\n","protected":false},"excerpt":{"rendered":"<p>Manisa\u2019n\u0131n Sar\u0131g\u00f6l il\u00e7esinde, 6 \u015eubat depremlerinin y\u0131l d\u00f6n\u00fcm\u00fc nedeniyle bir anma program\u0131 d\u00fczenlendi. Sar\u0131g\u00f6l \u0130l\u00e7e Milli E\u011fitim M\u00fcd\u00fcrl\u00fc\u011f\u00fc taraf\u0131ndan organize edilen program, Sar\u0131g\u00f6l Mesleki Teknik Anadolu Lisesi konferans salonunda ger\u00e7ekle\u015ftirildi. Programa Sar\u0131g\u00f6l Kaymakam\u0131 Halil Dalak, \u0130l\u00e7e Milli E\u011fitim M\u00fcd\u00fcr\u00fc Cezmi Y\u0131ld\u0131rak, \u0130l\u00e7e M\u00fcft\u00fcs\u00fc Metin G\u00fcvenir, \u00f6\u011fretmenler ve \u00f6\u011frenciler kat\u0131ld\u0131. Program, sayg\u0131 duru\u015funda bulunulmas\u0131 ve \u0130stiklal&#8230;<\/p>\n","protected":false},"author":1,"featured_media":16429,"comment_status":"open","ping_status":"open","sticky":false,"template":"","format":"standard","meta":{"_crdt_document":"","footnotes":""},"categories":[123],"tags":[],"class_list":["post-16428","post","type-post","status-publish","format-standard","has-post-thumbnail","hentry","category-gundem"],"_links":{"self":[{"href":"https:\/\/www.egemtv.com\/index.php?rest_route=\/wp\/v2\/posts\/16428","targetHints":{"allow":["GET"]}}],"collection":[{"href":"https:\/\/www.egemtv.com\/index.php?rest_route=\/wp\/v2\/posts"}],"about":[{"href":"https:\/\/www.egemtv.com\/index.php?rest_route=\/wp\/v2\/types\/post"}],"author":[{"embeddable":true,"href":"https:\/\/www.egemtv.com\/index.php?rest_route=\/wp\/v2\/users\/1"}],"replies":[{"embeddable":true,"href":"https:\/\/www.egemtv.com\/index.php?rest_route=%2Fwp%2Fv2%2Fcomments&post=16428"}],"version-history":[{"count":1,"href":"https:\/\/www.egemtv.com\/index.php?rest_route=\/wp\/v2\/posts\/16428\/revisions"}],"predecessor-version":[{"id":16430,"href":"https:\/\/www.egemtv.com\/index.php?rest_route=\/wp\/v2\/posts\/16428\/revisions\/16430"}],"wp:featuredmedia":[{"embeddable":true,"href":"https:\/\/www.egemtv.com\/index.php?rest_route=\/wp\/v2\/media\/16429"}],"wp:attachment":[{"href":"https:\/\/www.egemtv.com\/index.php?rest_route=%2Fwp%2Fv2%2Fmedia&parent=16428"}],"wp:term":[{"taxonomy":"category","embeddable":true,"href":"https:\/\/www.egemtv.com\/index.php?rest_route=%2Fwp%2Fv2%2Fcategories&post=16428"},{"taxonomy":"post_tag","embeddable":true,"href":"https:\/\/www.egemtv.com\/index.php?rest_route=%2Fwp%2Fv2%2Ftags&post=16428"}],"curies":[{"name":"wp","href":"https:\/\/api.w.org\/{rel}","templated":true}]}}