{"id":16425,"date":"2025-02-07T00:24:48","date_gmt":"2025-02-06T21:24:48","guid":{"rendered":"https:\/\/www.egemtv.com\/?p=16425"},"modified":"2025-02-07T00:24:50","modified_gmt":"2025-02-06T21:24:50","slug":"kusadasinda-motosiklet-ile-otomobil-carpisti-1-olu-1-agir-yarali","status":"publish","type":"post","link":"https:\/\/www.egemtv.com\/?p=16425","title":{"rendered":"Ku\u015fadas\u0131\u2019nda motosiklet ile otomobil \u00e7arp\u0131\u015ft\u0131: 1 \u00f6l\u00fc, 1 a\u011f\u0131r yaral\u0131"},"content":{"rendered":"<p>Ayd\u0131n\u2019\u0131n Ku\u015fadas\u0131 il\u00e7esine otomobil ile motosikletin \u00e7arp\u0131\u015fmas\u0131 sonucu meydana gelen trafik kazas\u0131nda 1 ki\u015fi hayat\u0131n\u0131 kaybederken 1 ki\u015fi de a\u011f\u0131r yaraland\u0131.<\/p>\n<p>Kaza, Kad\u0131kalesi Mahallesi Davutlar-Ku\u015fadas\u0131 Yolu \u00fczeri Nazilli Pazar\u0131 \u00f6n\u00fcnde meydana geldi. Edinilen bilgiye g\u00f6re, \u00d6.A. (25) idaresindeki 09 MG 215 plakal\u0131 otomobil ile M.E.I. (18) y\u00f6netimindeki 09 APB 693 plakal\u0131 motosiklet \u00e7arp\u0131\u015ft\u0131. \u00c7arp\u0131\u015fman\u0131n etkisi ile savrulan motosikletten d\u00fc\u015fen s\u00fcr\u00fcc\u00fc M.E.I. ve Rukiye Naz \u00d6nal (17) a\u011f\u0131r yaraland\u0131. Kazay\u0131 g\u00f6renler durumu 112 Acil \u00c7a\u011fr\u0131 Merkezi\u2019ne bildirdi. \u0130hbar \u00fczerine b\u00f6lgeye sa\u011fl\u0131k ve polis ekipleri sevk edildi. K\u0131sa s\u00fcrede olay yerine gelen sa\u011fl\u0131k ekipleri yaral\u0131lara ilk m\u00fcdahalelerini yaparak ambulansla Ku\u015fadas\u0131 Devlet Hastanesi\u2019ne kald\u0131rd\u0131. Doktorlar\u0131n t\u00fcm \u00e7abalar\u0131na ra\u011fmen motosiklette yolcu konumundaki \u00d6nal hastanede hayat\u0131n\u0131 kaybetti. Motosiklet s\u00fcr\u00fcc\u00fcs\u00fc M.E.I.\u2019n\u0131n ise yo\u011fun bak\u0131m \u00fcnitesinde tedavisinin s\u00fcrd\u00fc\u011f\u00fc \u00f6\u011frenildi.<\/p>\n<p>Olayla ilgili soru\u015fturma s\u00fcr\u00fcyor.<\/p>\n","protected":false},"excerpt":{"rendered":"<p>Ayd\u0131n\u2019\u0131n Ku\u015fadas\u0131 il\u00e7esine otomobil ile motosikletin \u00e7arp\u0131\u015fmas\u0131 sonucu meydana gelen trafik kazas\u0131nda 1 ki\u015fi hayat\u0131n\u0131 kaybederken 1 ki\u015fi de a\u011f\u0131r yaraland\u0131. Kaza, Kad\u0131kalesi Mahallesi Davutlar-Ku\u015fadas\u0131 Yolu \u00fczeri Nazilli Pazar\u0131 \u00f6n\u00fcnde meydana geldi. Edinilen bilgiye g\u00f6re, \u00d6.A. (25) idaresindeki 09 MG 215 plakal\u0131 otomobil ile M.E.I. (18) y\u00f6netimindeki 09 APB 693 plakal\u0131 motosiklet \u00e7arp\u0131\u015ft\u0131. \u00c7arp\u0131\u015fman\u0131n etkisi&#8230;<\/p>\n","protected":false},"author":1,"featured_media":16426,"comment_status":"open","ping_status":"open","sticky":false,"template":"","format":"standard","meta":{"_crdt_document":"","footnotes":""},"categories":[5],"tags":[],"class_list":["post-16425","post","type-post","status-publish","format-standard","has-post-thumbnail","hentry","category-asayis"],"_links":{"self":[{"href":"https:\/\/www.egemtv.com\/index.php?rest_route=\/wp\/v2\/posts\/16425","targetHints":{"allow":["GET"]}}],"collection":[{"href":"https:\/\/www.egemtv.com\/index.php?rest_route=\/wp\/v2\/posts"}],"about":[{"href":"https:\/\/www.egemtv.com\/index.php?rest_route=\/wp\/v2\/types\/post"}],"author":[{"embeddable":true,"href":"https:\/\/www.egemtv.com\/index.php?rest_route=\/wp\/v2\/users\/1"}],"replies":[{"embeddable":true,"href":"https:\/\/www.egemtv.com\/index.php?rest_route=%2Fwp%2Fv2%2Fcomments&post=16425"}],"version-history":[{"count":1,"href":"https:\/\/www.egemtv.com\/index.php?rest_route=\/wp\/v2\/posts\/16425\/revisions"}],"predecessor-version":[{"id":16427,"href":"https:\/\/www.egemtv.com\/index.php?rest_route=\/wp\/v2\/posts\/16425\/revisions\/16427"}],"wp:featuredmedia":[{"embeddable":true,"href":"https:\/\/www.egemtv.com\/index.php?rest_route=\/wp\/v2\/media\/16426"}],"wp:attachment":[{"href":"https:\/\/www.egemtv.com\/index.php?rest_route=%2Fwp%2Fv2%2Fmedia&parent=16425"}],"wp:term":[{"taxonomy":"category","embeddable":true,"href":"https:\/\/www.egemtv.com\/index.php?rest_route=%2Fwp%2Fv2%2Fcategories&post=16425"},{"taxonomy":"post_tag","embeddable":true,"href":"https:\/\/www.egemtv.com\/index.php?rest_route=%2Fwp%2Fv2%2Ftags&post=16425"}],"curies":[{"name":"wp","href":"https:\/\/api.w.org\/{rel}","templated":true}]}}