{"id":16395,"date":"2025-02-06T22:01:35","date_gmt":"2025-02-06T19:01:35","guid":{"rendered":"https:\/\/www.egemtv.com\/?p=16395"},"modified":"2025-02-06T22:01:38","modified_gmt":"2025-02-06T19:01:38","slug":"baskan-kahveciden-112-acil-cagri-merkezine-ziyaret","status":"publish","type":"post","link":"https:\/\/www.egemtv.com\/?p=16395","title":{"rendered":"Ba\u015fkan Kahveci\u2019den 112 Acil \u00c7a\u011fr\u0131 Merkezi\u2019ne ziyaret"},"content":{"rendered":"<p>K\u00fctahya Belediye Ba\u015fkan\u0131 Ey\u00fcp Kahveci, 112 Acil \u00c7a\u011fr\u0131 Merkezi M\u00fcd\u00fcrl\u00fc\u011f\u00fc\u2019n\u00fc ziyaret ederek M\u00fcd\u00fcr Tamer Yi\u011fit ve merkezde g\u00f6rev yapan personelle bir araya geldi.<br \/>\n<br \/>Ziyaret s\u0131ras\u0131nda, acil \u00e7a\u011fr\u0131lar\u0131n h\u0131zl\u0131 ve etkin bir \u015fekilde kar\u015f\u0131lanmas\u0131 i\u00e7in y\u00fcr\u00fct\u00fclen \u00e7al\u0131\u015fmalar hakk\u0131nda bilgi alan Ba\u015fkan Kahveci, vatanda\u015flar\u0131n can g\u00fcvenli\u011fi i\u00e7in 7\/24 g\u00f6rev ba\u015f\u0131nda olan ekiplere \u00f6zverili \u00e7al\u0131\u015fmalar\u0131 nedeniyle te\u015fekk\u00fcr etti.<br \/>\n<br \/>112 Acil \u00c7a\u011fr\u0131 Merkezi\u2019nin b\u00fcy\u00fck bir sorumluluk \u00fcstlendi\u011fini vurgulayan Ba\u015fkan Kahveci, &#8220;Acil durumlarda h\u0131zl\u0131 ve do\u011fru y\u00f6nlendirme hayati \u00f6nem ta\u015f\u0131yor. K\u00fctahya\u2019daki vatanda\u015flar\u0131m\u0131z\u0131n g\u00fcvenli\u011fi i\u00e7in fedakarca g\u00f6rev yapan t\u00fcm \u00e7al\u0131\u015fanlar\u0131m\u0131za te\u015fekk\u00fcr ediyorum&#8221; dedi.<br \/>\n<br \/>Ziyaretin sonunda personelle sohbet eden Ba\u015fkan Kahveci, ekiplerin talep ve \u00f6nerilerini dinleyerek \u00e7al\u0131\u015fmalar\u0131nda ba\u015far\u0131lar diledi. 112 Acil \u00c7a\u011fr\u0131 Merkezi \u00e7al\u0131\u015fanlar\u0131 da ziyaretten duyduklar\u0131 memnuniyeti dile getirerek Ba\u015fkan Kahveci\u2019ye te\u015fekk\u00fcr etti.<br \/><\/p>\n","protected":false},"excerpt":{"rendered":"<p>K\u00fctahya Belediye Ba\u015fkan\u0131 Ey\u00fcp Kahveci, 112 Acil \u00c7a\u011fr\u0131 Merkezi M\u00fcd\u00fcrl\u00fc\u011f\u00fc\u2019n\u00fc ziyaret ederek M\u00fcd\u00fcr Tamer Yi\u011fit ve merkezde g\u00f6rev yapan personelle bir araya geldi. Ziyaret s\u0131ras\u0131nda, acil \u00e7a\u011fr\u0131lar\u0131n h\u0131zl\u0131 ve etkin bir \u015fekilde kar\u015f\u0131lanmas\u0131 i\u00e7in y\u00fcr\u00fct\u00fclen \u00e7al\u0131\u015fmalar hakk\u0131nda bilgi alan Ba\u015fkan Kahveci, vatanda\u015flar\u0131n can g\u00fcvenli\u011fi i\u00e7in 7\/24 g\u00f6rev ba\u015f\u0131nda olan ekiplere \u00f6zverili \u00e7al\u0131\u015fmalar\u0131 nedeniyle te\u015fekk\u00fcr etti&#8230;.<\/p>\n","protected":false},"author":1,"featured_media":16396,"comment_status":"open","ping_status":"open","sticky":false,"template":"","format":"standard","meta":{"_crdt_document":"","footnotes":""},"categories":[123],"tags":[],"class_list":["post-16395","post","type-post","status-publish","format-standard","has-post-thumbnail","hentry","category-gundem"],"_links":{"self":[{"href":"https:\/\/www.egemtv.com\/index.php?rest_route=\/wp\/v2\/posts\/16395","targetHints":{"allow":["GET"]}}],"collection":[{"href":"https:\/\/www.egemtv.com\/index.php?rest_route=\/wp\/v2\/posts"}],"about":[{"href":"https:\/\/www.egemtv.com\/index.php?rest_route=\/wp\/v2\/types\/post"}],"author":[{"embeddable":true,"href":"https:\/\/www.egemtv.com\/index.php?rest_route=\/wp\/v2\/users\/1"}],"replies":[{"embeddable":true,"href":"https:\/\/www.egemtv.com\/index.php?rest_route=%2Fwp%2Fv2%2Fcomments&post=16395"}],"version-history":[{"count":1,"href":"https:\/\/www.egemtv.com\/index.php?rest_route=\/wp\/v2\/posts\/16395\/revisions"}],"predecessor-version":[{"id":16397,"href":"https:\/\/www.egemtv.com\/index.php?rest_route=\/wp\/v2\/posts\/16395\/revisions\/16397"}],"wp:featuredmedia":[{"embeddable":true,"href":"https:\/\/www.egemtv.com\/index.php?rest_route=\/wp\/v2\/media\/16396"}],"wp:attachment":[{"href":"https:\/\/www.egemtv.com\/index.php?rest_route=%2Fwp%2Fv2%2Fmedia&parent=16395"}],"wp:term":[{"taxonomy":"category","embeddable":true,"href":"https:\/\/www.egemtv.com\/index.php?rest_route=%2Fwp%2Fv2%2Fcategories&post=16395"},{"taxonomy":"post_tag","embeddable":true,"href":"https:\/\/www.egemtv.com\/index.php?rest_route=%2Fwp%2Fv2%2Ftags&post=16395"}],"curies":[{"name":"wp","href":"https:\/\/api.w.org\/{rel}","templated":true}]}}