{"id":16392,"date":"2025-02-06T21:56:32","date_gmt":"2025-02-06T18:56:32","guid":{"rendered":"https:\/\/www.egemtv.com\/?p=16392"},"modified":"2025-02-06T21:56:37","modified_gmt":"2025-02-06T18:56:37","slug":"ziraat-turkiye-kupasi-goztepe-0-gaziantep-fk-0-ilk-yari","status":"publish","type":"post","link":"https:\/\/www.egemtv.com\/?p=16392","title":{"rendered":"Ziraat T\u00fcrkiye Kupas\u0131: G\u00f6ztepe: 0 &#8211; Gaziantep FK: 0 (\u0130lk yar\u0131)"},"content":{"rendered":"<p>Ziraat T\u00fcrkiye Kupas\u0131 B Grubu\u2019nun 2. haftas\u0131nda G\u00f6ztepe, sahas\u0131nda Gaziantep FK ile kar\u015f\u0131la\u015f\u0131yor. Ma\u00e7\u0131n ilk yar\u0131s\u0131 gols\u00fcz beraberlikle tamamland\u0131.<\/p>\n<p>Ma\u00e7tan dakikalar (\u0130lk yar\u0131)<br \/>\n<br \/>5. dakikada Gaziantep FK savunmas\u0131n\u0131n yapt\u0131\u011f\u0131 hatada topu kapan Emersonn, kaleyi g\u00f6r\u00fcr g\u00f6rmez \u015futunu \u00e7ekti ve top savunmaya \u00e7arparak kornere \u00e7\u0131kt\u0131.<br \/>\n<br \/>6. dakikada t\u00fcm stadyum depremde hayat\u0131n\u0131 kaybedenler i\u00e7in yo\u011fun bir alk\u0131\u015f tutarak sayg\u0131yla and\u0131. Sahadaki t\u00fcm oyuncular da trib\u00fcnleri destekleyerek alk\u0131\u015flad\u0131.<br \/>\n<br \/>26. dakikada sa\u011f kenarda topla bulu\u015fan Matsuki\u2019nin ortas\u0131nda ceza sahas\u0131 i\u00e7inde Emersonn\u2019un kafa vuru\u015funda top \u00fcstten d\u0131\u015far\u0131 \u00e7\u0131kt\u0131.<br \/>\n<br \/>30. dakikada iki rakibinden s\u0131yr\u0131larak ceza sahas\u0131 sol \u00e7aprazdan son \u00e7izgiye inen Victor Hugo\u2019nun ortas\u0131nda Naz\u0131m Sangare\u2019nin ceza sahas\u0131 i\u00e7i sa\u011f \u00e7aprazdan geli\u015fine vuru\u015funda kaleci Burak topu kornere \u00e7eldi.<\/p>\n<p>Hakemler: Batuhan Kolak, Azad \u0130lhan, Mehmet Ali Vardar<br \/>\n<br \/>G\u00f6ztepe: Arda \u00d6z\u00e7imen, \u0130smail K\u00f6yba\u015f\u0131, Heliton, Furkan Bay\u0131r, Malcom Bokele, Naz\u0131m Sangare, Victor Hugo, Anthony Dennis, Ahmed Ild\u0131z, Kuryu Matsuki, Emersonn (David Tijanic dk. 40)<br \/>\n<br \/>Yedekler: Emircan Se\u00e7gin, Mateusz Lis, Lasse Nielsen, Djalma Silva, Og\u00fcn Bayrak, Novatus Miroshi, Do\u011fan Erdo\u011fan, Kubilay Kanats\u0131zku\u015f<br \/>\n<br \/>Teknik Direkt\u00f6r: Stanimir Stoilov<br \/>\n<br \/>Gaziantep FK: Burak Bozan, Emre Ta\u015fdemir, Ertu\u011frul Ersoy, Bruno Viana, Quentin Daubin, Furkan Soyalp, Og\u00fcn \u00d6z\u00e7i\u00e7ek, \u00d6m\u00fcrcan Artan, Emmanuel Boateng, Halil Dervi\u015fo\u011flu, Kenan Kodro<br \/>\n<br \/>Yedekler: Sokratis Dioudis, Arda K\u0131z\u0131lda\u011f, Izzet-Ali Erdal, Kacper Kozlowski, Christopher Lungoyi, Deian Sorescu, Muhammed G\u00fcm\u00fc\u015fkaya, Alexandru Maxim, David Okereke, Muhammet Taha G\u00fcne\u015f<br \/>\n<br \/>Teknik Direkt\u00f6r: Sel\u00e7uk \u0130nan<br \/><\/p>\n","protected":false},"excerpt":{"rendered":"<p>Ziraat T\u00fcrkiye Kupas\u0131 B Grubu\u2019nun 2. haftas\u0131nda G\u00f6ztepe, sahas\u0131nda Gaziantep FK ile kar\u015f\u0131la\u015f\u0131yor. Ma\u00e7\u0131n ilk yar\u0131s\u0131 gols\u00fcz beraberlikle tamamland\u0131. Ma\u00e7tan dakikalar (\u0130lk yar\u0131) 5. dakikada Gaziantep FK savunmas\u0131n\u0131n yapt\u0131\u011f\u0131 hatada topu kapan Emersonn, kaleyi g\u00f6r\u00fcr g\u00f6rmez \u015futunu \u00e7ekti ve top savunmaya \u00e7arparak kornere \u00e7\u0131kt\u0131. 6. dakikada t\u00fcm stadyum depremde hayat\u0131n\u0131 kaybedenler i\u00e7in yo\u011fun bir alk\u0131\u015f&#8230;<\/p>\n","protected":false},"author":1,"featured_media":16393,"comment_status":"open","ping_status":"open","sticky":false,"template":"","format":"standard","meta":{"_crdt_document":"","footnotes":""},"categories":[4],"tags":[],"class_list":["post-16392","post","type-post","status-publish","format-standard","has-post-thumbnail","hentry","category-spor"],"_links":{"self":[{"href":"https:\/\/www.egemtv.com\/index.php?rest_route=\/wp\/v2\/posts\/16392","targetHints":{"allow":["GET"]}}],"collection":[{"href":"https:\/\/www.egemtv.com\/index.php?rest_route=\/wp\/v2\/posts"}],"about":[{"href":"https:\/\/www.egemtv.com\/index.php?rest_route=\/wp\/v2\/types\/post"}],"author":[{"embeddable":true,"href":"https:\/\/www.egemtv.com\/index.php?rest_route=\/wp\/v2\/users\/1"}],"replies":[{"embeddable":true,"href":"https:\/\/www.egemtv.com\/index.php?rest_route=%2Fwp%2Fv2%2Fcomments&post=16392"}],"version-history":[{"count":1,"href":"https:\/\/www.egemtv.com\/index.php?rest_route=\/wp\/v2\/posts\/16392\/revisions"}],"predecessor-version":[{"id":16394,"href":"https:\/\/www.egemtv.com\/index.php?rest_route=\/wp\/v2\/posts\/16392\/revisions\/16394"}],"wp:featuredmedia":[{"embeddable":true,"href":"https:\/\/www.egemtv.com\/index.php?rest_route=\/wp\/v2\/media\/16393"}],"wp:attachment":[{"href":"https:\/\/www.egemtv.com\/index.php?rest_route=%2Fwp%2Fv2%2Fmedia&parent=16392"}],"wp:term":[{"taxonomy":"category","embeddable":true,"href":"https:\/\/www.egemtv.com\/index.php?rest_route=%2Fwp%2Fv2%2Fcategories&post=16392"},{"taxonomy":"post_tag","embeddable":true,"href":"https:\/\/www.egemtv.com\/index.php?rest_route=%2Fwp%2Fv2%2Ftags&post=16392"}],"curies":[{"name":"wp","href":"https:\/\/api.w.org\/{rel}","templated":true}]}}