{"id":16389,"date":"2025-02-06T21:56:27","date_gmt":"2025-02-06T18:56:27","guid":{"rendered":"https:\/\/www.egemtv.com\/?p=16389"},"modified":"2025-02-06T21:56:32","modified_gmt":"2025-02-06T18:56:32","slug":"kutahyada-ahmet-cinar-belediye-meclis-uyesi-oldu","status":"publish","type":"post","link":"https:\/\/www.egemtv.com\/?p=16389","title":{"rendered":"K\u00fctahya\u2019da Ahmet \u00c7\u0131nar Belediye Meclis \u00fcyesi oldu"},"content":{"rendered":"<p>K\u00fctahya\u2019da Ahmet \u00c7\u0131nar, Belediye Meclis \u00fcyesi olarak g\u00f6revlendirildi.<br \/>\n<br \/>Al\u0131nan bilgiye g\u00f6re, K\u00fctahya Belediye Meclis \u00dcyesi Emin Acar, 3 \u015eubat 2025 tarihinde K\u00fctahya Belediye Ba\u015fkanl\u0131\u011f\u0131\u2019na verdi\u011fi dilek\u00e7e ile Belediye Meclis \u00dcyeli\u011finden istifa etti. 31 Mart 2024 tarihinde yap\u0131lan Mahalli \u0130dareler Se\u00e7imleri\u2019nde AK Parti s\u0131ralar\u0131ndan K\u00fctahya Belediye Meclisi\u2019ne se\u00e7ilen Emin Acar, 5393 say\u0131l\u0131 Belediye Kanunu\u2019nun 29. maddesi gere\u011fince istifas\u0131n\u0131 sundu. \u0130stifa sonras\u0131nda, Acar\u2019\u0131n yerine Merkez \u0130l\u00e7e Se\u00e7im Kurulu Ba\u015fkanl\u0131\u011f\u0131 taraf\u0131ndan, 2972 say\u0131l\u0131 Mahalli \u0130dareler Se\u00e7imi Hakk\u0131ndaki Kanun\u2019un 28\u2019inci maddesi gere\u011fi Ahmet \u00c7\u0131nar asli Meclis \u00dcyesi olarak g\u00f6revlendirildi.<br \/><\/p>\n","protected":false},"excerpt":{"rendered":"<p>K\u00fctahya\u2019da Ahmet \u00c7\u0131nar, Belediye Meclis \u00fcyesi olarak g\u00f6revlendirildi. Al\u0131nan bilgiye g\u00f6re, K\u00fctahya Belediye Meclis \u00dcyesi Emin Acar, 3 \u015eubat 2025 tarihinde K\u00fctahya Belediye Ba\u015fkanl\u0131\u011f\u0131\u2019na verdi\u011fi dilek\u00e7e ile Belediye Meclis \u00dcyeli\u011finden istifa etti. 31 Mart 2024 tarihinde yap\u0131lan Mahalli \u0130dareler Se\u00e7imleri\u2019nde AK Parti s\u0131ralar\u0131ndan K\u00fctahya Belediye Meclisi\u2019ne se\u00e7ilen Emin Acar, 5393 say\u0131l\u0131 Belediye Kanunu\u2019nun 29. maddesi&#8230;<\/p>\n","protected":false},"author":1,"featured_media":16390,"comment_status":"open","ping_status":"open","sticky":false,"template":"","format":"standard","meta":{"_crdt_document":"","footnotes":""},"categories":[123],"tags":[],"class_list":["post-16389","post","type-post","status-publish","format-standard","has-post-thumbnail","hentry","category-gundem"],"_links":{"self":[{"href":"https:\/\/www.egemtv.com\/index.php?rest_route=\/wp\/v2\/posts\/16389","targetHints":{"allow":["GET"]}}],"collection":[{"href":"https:\/\/www.egemtv.com\/index.php?rest_route=\/wp\/v2\/posts"}],"about":[{"href":"https:\/\/www.egemtv.com\/index.php?rest_route=\/wp\/v2\/types\/post"}],"author":[{"embeddable":true,"href":"https:\/\/www.egemtv.com\/index.php?rest_route=\/wp\/v2\/users\/1"}],"replies":[{"embeddable":true,"href":"https:\/\/www.egemtv.com\/index.php?rest_route=%2Fwp%2Fv2%2Fcomments&post=16389"}],"version-history":[{"count":1,"href":"https:\/\/www.egemtv.com\/index.php?rest_route=\/wp\/v2\/posts\/16389\/revisions"}],"predecessor-version":[{"id":16391,"href":"https:\/\/www.egemtv.com\/index.php?rest_route=\/wp\/v2\/posts\/16389\/revisions\/16391"}],"wp:featuredmedia":[{"embeddable":true,"href":"https:\/\/www.egemtv.com\/index.php?rest_route=\/wp\/v2\/media\/16390"}],"wp:attachment":[{"href":"https:\/\/www.egemtv.com\/index.php?rest_route=%2Fwp%2Fv2%2Fmedia&parent=16389"}],"wp:term":[{"taxonomy":"category","embeddable":true,"href":"https:\/\/www.egemtv.com\/index.php?rest_route=%2Fwp%2Fv2%2Fcategories&post=16389"},{"taxonomy":"post_tag","embeddable":true,"href":"https:\/\/www.egemtv.com\/index.php?rest_route=%2Fwp%2Fv2%2Ftags&post=16389"}],"curies":[{"name":"wp","href":"https:\/\/api.w.org\/{rel}","templated":true}]}}