{"id":16386,"date":"2025-02-06T21:56:22","date_gmt":"2025-02-06T18:56:22","guid":{"rendered":"https:\/\/www.egemtv.com\/?p=16386"},"modified":"2025-02-06T21:56:26","modified_gmt":"2025-02-06T18:56:26","slug":"kusadasi-belediyesi-dogal-afetlere-karsi-her-onlemi-aliyor","status":"publish","type":"post","link":"https:\/\/www.egemtv.com\/?p=16386","title":{"rendered":"Ku\u015fadas\u0131 Belediyesi do\u011fal afetlere kar\u015f\u0131 her \u00f6nlemi al\u0131yor"},"content":{"rendered":"<p>Ku\u015fadas\u0131 Belediyesi \u0130bramaki Sanat Galerisi, Kahramanmara\u015f merkezli 6 \u015eubat depremlerinin 2\u2019inci y\u0131l\u0131nda \u2018Deprem ve Afet \u00d6nlemleri\u2019 isimli s\u00f6yle\u015fiye ev sahipli\u011fi yapt\u0131. Etkinli\u011fe kat\u0131lan Ku\u015fadas\u0131 Belediyesi Afet \u0130\u015fleri M\u00fcd\u00fcr\u00fc ve Jeoloji M\u00fchendisi Edip Adanal\u0131, &#8220;Ku\u015fadas\u0131\u2019nda muhtemel bir deprem ve di\u011fer do\u011fal afetlere kar\u015f\u0131 her t\u00fcrl\u00fc \u00f6nlemi al\u0131yoruz&#8221; dedi.<\/p>\n<p>Etkinlik, Kahramanmara\u015f merkezli 6 \u015eubat depremlerinde hayat\u0131n\u0131 kaybedenlerin an\u0131lmas\u0131yla ba\u015flad\u0131. S\u00f6yle\u015fi \u00f6ncesinde depreme Antakya\u2019daki evinde yakaland\u0131ktan sonra enkaz alt\u0131ndan kurtar\u0131lan, T\u00fcrkiye\u2019nin ilk 3 boyutlu mozaik sanat\u00e7\u0131s\u0131 Menel H\u00fczmeli\u2019nin ya\u015fad\u0131klar\u0131n\u0131 anlatan bir belgesel g\u00f6sterimi yap\u0131ld\u0131. Belgesel, salondakilerin duygu dolu anlar ya\u015fanmas\u0131na neden oldu.<\/p>\n<p>Ayn\u0131 zamanda \u2018Cennetin Hediyesi\u2019 isimli 500 bin ta\u015ftan olu\u015fan 1 ton a\u011f\u0131rl\u0131\u011f\u0131ndaki eserin de sahibi olan Menel H\u00fczmeli, belgesel g\u00f6steriminden sonra yapt\u0131\u011f\u0131 konu\u015fmada, &#8220;Ben o s\u00fcreci \u00e7ok zor atlatt\u0131m. B\u00fct\u00fcn mahallem, \u00e7evrem yok olmu\u015ftu. Ailemle enkaz alt\u0131nda kald\u0131\u011f\u0131mda, zaman\u0131n ve mekan\u0131n yok oldu\u011funu tecr\u00fcbe ettim. So\u011fuk, ya\u011fan ya\u011fmur, \u00e7aresizlik ve gelen \u00e7\u0131\u011fl\u0131klar korkun\u00e7 bir deneyimdi. Depremde eserim de zarar g\u00f6rd\u00fc&#8221; dedi.<\/p>\n<p>Mozaik sanat\u00e7\u0131s\u0131 Menel H\u00fczmeli\u2019nin ard\u0131ndan s\u00f6z alan Ku\u015fadas\u0131 Belediyesi Afet \u0130\u015fleri M\u00fcd\u00fcr\u00fc ve Jeoloji M\u00fchendisi Edip Adanal\u0131 ise son g\u00fcnlerde Ege Denizi\u2019ndeki sismik hareketlilik sonucunda, Santorini Adas\u0131\u2019n\u0131n bulundu\u011fu b\u00f6lgede meydana gelen depremlerle ilgili de\u011ferlendirmelerde bulundu. Depremlerin \u2018G\u00fcney Ege Magmatik Ku\u015fa\u011f\u0131\u2019 ad\u0131 verilen yerde ya\u015fand\u0131\u011f\u0131n\u0131 belirten Edip Adanal\u0131, &#8220;\u00d6ncelikle depremler tektonik de\u011fil, magmatik kaynakl\u0131. \u00c7\u00fcnk\u00fc yerin yakla\u015f\u0131k 5 kilometre alt\u0131nda ger\u00e7ekle\u015fiyor&#8221; dedi.<\/p>\n<p>Ku\u015fadas\u0131 Belediyesi\u2019nin kentte ya\u015fanacak bir deprem veya di\u011fer do\u011fal afetlere kar\u015f\u0131 gerekli olan her t\u00fcrl\u00fc \u00f6nlemi almaya devam etti\u011fini ifade eden Edip Adanal\u0131, &#8220;\u00d6ncelikle 2020 y\u0131l\u0131ndaki \u0130zmir depreminden sonra hemen Kentsel D\u00f6n\u00fc\u015f\u00fcm M\u00fcd\u00fcrl\u00fc\u011f\u00fc\u2019n\u00fc kurduk. Daha sonra Ku\u015fadas\u0131\u2019ndaki t\u00fcm binalar\u0131n kolon-kiri\u015f \u00f6l\u00e7\u00fcmlerini yaparak hasarl\u0131 olanlar\u0131 tespit ettik. Ba\u015fkan\u0131m\u0131z \u00d6mer G\u00fcnel bu konuda \u00e7ok hassas ve titiz davran\u0131yor. Ayr\u0131ca b\u00f6lgemizde Afet \u0130\u015fleri M\u00fcd\u00fcrl\u00fc\u011f\u00fc\u2019n\u00fc kuran ilk belediye olduk. Toplanma alanlar\u0131n\u0131n say\u0131s\u0131n\u0131 77\u2019e y\u00fckselttik. Deprem Acil Eylem Plan\u0131m\u0131z haz\u0131r. D\u00f6rt tane de bar\u0131nma alan\u0131m\u0131z bulunuyor&#8221; diye konu\u015ftu.<br \/><\/p>\n","protected":false},"excerpt":{"rendered":"<p>Ku\u015fadas\u0131 Belediyesi \u0130bramaki Sanat Galerisi, Kahramanmara\u015f merkezli 6 \u015eubat depremlerinin 2\u2019inci y\u0131l\u0131nda \u2018Deprem ve Afet \u00d6nlemleri\u2019 isimli s\u00f6yle\u015fiye ev sahipli\u011fi yapt\u0131. Etkinli\u011fe kat\u0131lan Ku\u015fadas\u0131 Belediyesi Afet \u0130\u015fleri M\u00fcd\u00fcr\u00fc ve Jeoloji M\u00fchendisi Edip Adanal\u0131, &#8220;Ku\u015fadas\u0131\u2019nda muhtemel bir deprem ve di\u011fer do\u011fal afetlere kar\u015f\u0131 her t\u00fcrl\u00fc \u00f6nlemi al\u0131yoruz&#8221; dedi. Etkinlik, Kahramanmara\u015f merkezli 6 \u015eubat depremlerinde hayat\u0131n\u0131 kaybedenlerin&#8230;<\/p>\n","protected":false},"author":1,"featured_media":16387,"comment_status":"open","ping_status":"open","sticky":false,"template":"","format":"standard","meta":{"_crdt_document":"","footnotes":""},"categories":[1],"tags":[],"class_list":["post-16386","post","type-post","status-publish","format-standard","has-post-thumbnail","hentry","category-guncel"],"_links":{"self":[{"href":"https:\/\/www.egemtv.com\/index.php?rest_route=\/wp\/v2\/posts\/16386","targetHints":{"allow":["GET"]}}],"collection":[{"href":"https:\/\/www.egemtv.com\/index.php?rest_route=\/wp\/v2\/posts"}],"about":[{"href":"https:\/\/www.egemtv.com\/index.php?rest_route=\/wp\/v2\/types\/post"}],"author":[{"embeddable":true,"href":"https:\/\/www.egemtv.com\/index.php?rest_route=\/wp\/v2\/users\/1"}],"replies":[{"embeddable":true,"href":"https:\/\/www.egemtv.com\/index.php?rest_route=%2Fwp%2Fv2%2Fcomments&post=16386"}],"version-history":[{"count":1,"href":"https:\/\/www.egemtv.com\/index.php?rest_route=\/wp\/v2\/posts\/16386\/revisions"}],"predecessor-version":[{"id":16388,"href":"https:\/\/www.egemtv.com\/index.php?rest_route=\/wp\/v2\/posts\/16386\/revisions\/16388"}],"wp:featuredmedia":[{"embeddable":true,"href":"https:\/\/www.egemtv.com\/index.php?rest_route=\/wp\/v2\/media\/16387"}],"wp:attachment":[{"href":"https:\/\/www.egemtv.com\/index.php?rest_route=%2Fwp%2Fv2%2Fmedia&parent=16386"}],"wp:term":[{"taxonomy":"category","embeddable":true,"href":"https:\/\/www.egemtv.com\/index.php?rest_route=%2Fwp%2Fv2%2Fcategories&post=16386"},{"taxonomy":"post_tag","embeddable":true,"href":"https:\/\/www.egemtv.com\/index.php?rest_route=%2Fwp%2Fv2%2Ftags&post=16386"}],"curies":[{"name":"wp","href":"https:\/\/api.w.org\/{rel}","templated":true}]}}