{"id":16383,"date":"2025-02-06T21:52:31","date_gmt":"2025-02-06T18:52:31","guid":{"rendered":"https:\/\/www.egemtv.com\/?p=16383"},"modified":"2025-02-06T21:52:35","modified_gmt":"2025-02-06T18:52:35","slug":"kusadasi-belediyesinden-anma-etkinligi","status":"publish","type":"post","link":"https:\/\/www.egemtv.com\/?p=16383","title":{"rendered":"Ku\u015fadas\u0131 Belediyesi\u2019nden anma etkinli\u011fi"},"content":{"rendered":"<p>Ku\u015fadas\u0131 Belediyesi, &#8220;asr\u0131n felaketi&#8221; olarak nitelendirilen 6 \u015eubat depremlerinin ikinci y\u0131l d\u00f6n\u00fcm\u00fcnde, ya\u015fam\u0131n\u0131 yitiren vatanda\u015flar\u0131 anmak i\u00e7in lokma ikram\u0131nda bulundu. Anmaya kat\u0131lan Ku\u015fadas\u0131 Belediye Ba\u015fkan Yard\u0131mc\u0131s\u0131 Seyfi Seyhan Suvari, kural ve y\u00f6netmeliklere uyman\u0131n \u00f6nemine dikkat \u00e7ekti.<\/p>\n<p>6 \u015eubat 2023\u2019te ya\u015fanan ve 11 ilde b\u00fcy\u00fck y\u0131k\u0131ma neden olan Kahramanmara\u015f merkezli deprem felaketinin ikinci y\u0131l d\u00f6n\u00fcm\u00fcnde Ku\u015fadas\u0131\u2019nda \u00e7e\u015fitli anma etkinlikleri d\u00fczenlendi. Ku\u015fadas\u0131 Belediyesi taraf\u0131ndan \u0130smail Cem Dostluk ve Bar\u0131\u015f Meydan\u0131\u2019nda ger\u00e7ekle\u015ftirilen lokma ikram\u0131na kat\u0131lan Ku\u015fadas\u0131 Belediye Ba\u015fkan\u0131 Yard\u0131mc\u0131s\u0131 Seyfi Seyhan Suvari, T\u00fcrkiye\u2019nin bir deprem \u00fclkesi oldu\u011fu ger\u00e7e\u011finin alt\u0131n\u0131 \u00e7izerek afetlere kar\u015f\u0131 tedbir alman\u0131n ve bilin\u00e7li hareket etmenin \u00f6nemini vurgulad\u0131.<\/p>\n<p>Ku\u015fadas\u0131\u2019n\u0131n da deprem ku\u015fa\u011f\u0131 \u00fczerinde yer alan bir b\u00f6lge oldu\u011funu ifade eden Ba\u015fkan Yard\u0131mc\u0131s\u0131 Seyfi Seyhan Suvari, &#8220;Ku\u015fadas\u0131 Belediyesi olarak biz her t\u00fcrl\u00fc tedbiri al\u0131yoruz. Vatanda\u015flar\u0131m\u0131z\u0131n da gerekli tedbirleri alaca\u011f\u0131na inan\u0131yoruz. Son zamanlarda Ege Denizi\u2019nde ya\u015fanan sars\u0131nt\u0131lar tedirginlik olu\u015fturuyor. Ancak depremden depreme depremi hat\u0131rlayan bir \u00fclke olmaktan vazge\u00e7memiz ve T\u00fcrkiye\u2019nin bir deprem b\u00f6lgesi oldu\u011fu ger\u00e7e\u011fini akl\u0131m\u0131zdan \u00e7\u0131karmam\u0131z laz\u0131m. Yat\u0131r\u0131mc\u0131s\u0131ndan m\u00fcteahhidine, mimar\u0131ndan m\u00fchendisine kadar herkes sorumluluk i\u00e7erisinde hareket etmeli ve bu afete kar\u015f\u0131 bilin\u00e7li davranmal\u0131. Bu noktada kurallara ve y\u00f6netmeliklere uymak b\u00fcy\u00fck \u00f6nem ta\u015f\u0131yor. Unutmayal\u0131m ki insanlar\u0131 deprem de\u011fil, k\u00f6t\u00fc yap\u0131lm\u0131\u015f binalar \u00f6ld\u00fcr\u00fcr. Bir daha buna benzer felaketler ya\u015fanmamas\u0131 temennisi ile 6 \u015eubat depremlerinde ya\u015famlar\u0131n\u0131 yitiren t\u00fcm vatanda\u015flar\u0131m\u0131za bir kez daha rahmet diliyorum&#8221; diye konu\u015ftu.<br \/><\/p>\n","protected":false},"excerpt":{"rendered":"<p>Ku\u015fadas\u0131 Belediyesi, &#8220;asr\u0131n felaketi&#8221; olarak nitelendirilen 6 \u015eubat depremlerinin ikinci y\u0131l d\u00f6n\u00fcm\u00fcnde, ya\u015fam\u0131n\u0131 yitiren vatanda\u015flar\u0131 anmak i\u00e7in lokma ikram\u0131nda bulundu. Anmaya kat\u0131lan Ku\u015fadas\u0131 Belediye Ba\u015fkan Yard\u0131mc\u0131s\u0131 Seyfi Seyhan Suvari, kural ve y\u00f6netmeliklere uyman\u0131n \u00f6nemine dikkat \u00e7ekti. 6 \u015eubat 2023\u2019te ya\u015fanan ve 11 ilde b\u00fcy\u00fck y\u0131k\u0131ma neden olan Kahramanmara\u015f merkezli deprem felaketinin ikinci y\u0131l d\u00f6n\u00fcm\u00fcnde Ku\u015fadas\u0131\u2019nda&#8230;<\/p>\n","protected":false},"author":1,"featured_media":16384,"comment_status":"open","ping_status":"open","sticky":false,"template":"","format":"standard","meta":{"_crdt_document":"","footnotes":""},"categories":[1],"tags":[],"class_list":["post-16383","post","type-post","status-publish","format-standard","has-post-thumbnail","hentry","category-guncel"],"_links":{"self":[{"href":"https:\/\/www.egemtv.com\/index.php?rest_route=\/wp\/v2\/posts\/16383","targetHints":{"allow":["GET"]}}],"collection":[{"href":"https:\/\/www.egemtv.com\/index.php?rest_route=\/wp\/v2\/posts"}],"about":[{"href":"https:\/\/www.egemtv.com\/index.php?rest_route=\/wp\/v2\/types\/post"}],"author":[{"embeddable":true,"href":"https:\/\/www.egemtv.com\/index.php?rest_route=\/wp\/v2\/users\/1"}],"replies":[{"embeddable":true,"href":"https:\/\/www.egemtv.com\/index.php?rest_route=%2Fwp%2Fv2%2Fcomments&post=16383"}],"version-history":[{"count":1,"href":"https:\/\/www.egemtv.com\/index.php?rest_route=\/wp\/v2\/posts\/16383\/revisions"}],"predecessor-version":[{"id":16385,"href":"https:\/\/www.egemtv.com\/index.php?rest_route=\/wp\/v2\/posts\/16383\/revisions\/16385"}],"wp:featuredmedia":[{"embeddable":true,"href":"https:\/\/www.egemtv.com\/index.php?rest_route=\/wp\/v2\/media\/16384"}],"wp:attachment":[{"href":"https:\/\/www.egemtv.com\/index.php?rest_route=%2Fwp%2Fv2%2Fmedia&parent=16383"}],"wp:term":[{"taxonomy":"category","embeddable":true,"href":"https:\/\/www.egemtv.com\/index.php?rest_route=%2Fwp%2Fv2%2Fcategories&post=16383"},{"taxonomy":"post_tag","embeddable":true,"href":"https:\/\/www.egemtv.com\/index.php?rest_route=%2Fwp%2Fv2%2Ftags&post=16383"}],"curies":[{"name":"wp","href":"https:\/\/api.w.org\/{rel}","templated":true}]}}