{"id":16380,"date":"2025-02-06T21:52:01","date_gmt":"2025-02-06T18:52:01","guid":{"rendered":"https:\/\/www.egemtv.com\/?p=16380"},"modified":"2025-02-06T21:52:05","modified_gmt":"2025-02-06T18:52:05","slug":"kutahyada-girisimcilik-ekosistemini-guclendirmek-icin-onemli-gorusme","status":"publish","type":"post","link":"https:\/\/www.egemtv.com\/?p=16380","title":{"rendered":"K\u00fctahya\u2019da giri\u015fimcilik ekosistemini g\u00fc\u00e7lendirmek i\u00e7in \u00f6nemli g\u00f6r\u00fc\u015fme"},"content":{"rendered":"<p>K\u00fctahya Belediyesi ve K\u00fctahya Ticaret ve Sanayi Odas\u0131 (KUTSO), \u015fehirdeki giri\u015fimcilik ekosistemini geli\u015ftirmek, giri\u015fimcileri desteklemek ve istihdam\u0131 art\u0131rmak amac\u0131yla \u00f6nemli bir toplant\u0131 ger\u00e7ekle\u015ftirdi.<br \/>\n<br \/>K\u00fctahya Belediye Ba\u015fkan\u0131 Ey\u00fcp Kahveci\u2019nin ev sahipli\u011finde yap\u0131lan g\u00f6r\u00fc\u015fmede, giri\u015fimcilere y\u00f6nelik e\u011fitim, mentorluk, finansal kaynaklara eri\u015fim ve i\u015f g\u00fcc\u00fcne kat\u0131l\u0131m\u0131 art\u0131rmaya y\u00f6nelik destek mekanizmalar\u0131 ele al\u0131nd\u0131. Ba\u015fkan Kahveci, giri\u015fimcili\u011fin \u015fehir ekonomisine sa\u011flayaca\u011f\u0131 katk\u0131n\u0131n fark\u0131nda olduklar\u0131n\u0131 belirterek, bu alanda geli\u015ftirilecek projelere her zaman destek vermeye haz\u0131r olduklar\u0131n\u0131 vurgulad\u0131.<br \/>\n<br \/>Toplant\u0131ya, KUTSO Giri\u015fimcilikten Sorumlu Y\u00f6netim Kurulu \u00dcyesi Semra Tozarayd\u0131n, KUTSO Genel Sekreteri H. Feyyaz Ebeo\u011flugil, KUTSO Kad\u0131n Giri\u015fimcilik Ofisi Sorumlusu Tuba Kat\u0131rc\u0131, KUTSO Proje ve D\u0131\u015f \u0130li\u015fkiler Birim Sorumlusu A. Orhan G\u00fcng\u00f6r, K\u00fctahya Belediyesi Bilgi \u0130\u015flem M\u00fcd\u00fcr\u00fc Fatih Erdo\u011fan, \u0130\u015eGEM Birim Sorumlusu Tuba Ersoy ve UNESCO \u015eehirler A\u011f\u0131 Sorumlusu Fatma G\u00fcnd\u00fcz kat\u0131ld\u0131.<br \/>\n<br \/>Ger\u00e7ekle\u015ftirilen bu g\u00f6r\u00fc\u015fmelerle, K\u00fctahya\u2019da giri\u015fimcilik alan\u0131nda yeni f\u0131rsatlar olu\u015fturmas\u0131 ve \u015fehrin ekonomik geli\u015fimine katk\u0131 sa\u011flanmas\u0131 hedefleniyor.<br \/><\/p>\n","protected":false},"excerpt":{"rendered":"<p>K\u00fctahya Belediyesi ve K\u00fctahya Ticaret ve Sanayi Odas\u0131 (KUTSO), \u015fehirdeki giri\u015fimcilik ekosistemini geli\u015ftirmek, giri\u015fimcileri desteklemek ve istihdam\u0131 art\u0131rmak amac\u0131yla \u00f6nemli bir toplant\u0131 ger\u00e7ekle\u015ftirdi. K\u00fctahya Belediye Ba\u015fkan\u0131 Ey\u00fcp Kahveci\u2019nin ev sahipli\u011finde yap\u0131lan g\u00f6r\u00fc\u015fmede, giri\u015fimcilere y\u00f6nelik e\u011fitim, mentorluk, finansal kaynaklara eri\u015fim ve i\u015f g\u00fcc\u00fcne kat\u0131l\u0131m\u0131 art\u0131rmaya y\u00f6nelik destek mekanizmalar\u0131 ele al\u0131nd\u0131. Ba\u015fkan Kahveci, giri\u015fimcili\u011fin \u015fehir ekonomisine sa\u011flayaca\u011f\u0131&#8230;<\/p>\n","protected":false},"author":1,"featured_media":16381,"comment_status":"open","ping_status":"open","sticky":false,"template":"","format":"standard","meta":{"_crdt_document":"","footnotes":""},"categories":[123],"tags":[],"class_list":["post-16380","post","type-post","status-publish","format-standard","has-post-thumbnail","hentry","category-gundem"],"_links":{"self":[{"href":"https:\/\/www.egemtv.com\/index.php?rest_route=\/wp\/v2\/posts\/16380","targetHints":{"allow":["GET"]}}],"collection":[{"href":"https:\/\/www.egemtv.com\/index.php?rest_route=\/wp\/v2\/posts"}],"about":[{"href":"https:\/\/www.egemtv.com\/index.php?rest_route=\/wp\/v2\/types\/post"}],"author":[{"embeddable":true,"href":"https:\/\/www.egemtv.com\/index.php?rest_route=\/wp\/v2\/users\/1"}],"replies":[{"embeddable":true,"href":"https:\/\/www.egemtv.com\/index.php?rest_route=%2Fwp%2Fv2%2Fcomments&post=16380"}],"version-history":[{"count":1,"href":"https:\/\/www.egemtv.com\/index.php?rest_route=\/wp\/v2\/posts\/16380\/revisions"}],"predecessor-version":[{"id":16382,"href":"https:\/\/www.egemtv.com\/index.php?rest_route=\/wp\/v2\/posts\/16380\/revisions\/16382"}],"wp:featuredmedia":[{"embeddable":true,"href":"https:\/\/www.egemtv.com\/index.php?rest_route=\/wp\/v2\/media\/16381"}],"wp:attachment":[{"href":"https:\/\/www.egemtv.com\/index.php?rest_route=%2Fwp%2Fv2%2Fmedia&parent=16380"}],"wp:term":[{"taxonomy":"category","embeddable":true,"href":"https:\/\/www.egemtv.com\/index.php?rest_route=%2Fwp%2Fv2%2Fcategories&post=16380"},{"taxonomy":"post_tag","embeddable":true,"href":"https:\/\/www.egemtv.com\/index.php?rest_route=%2Fwp%2Fv2%2Ftags&post=16380"}],"curies":[{"name":"wp","href":"https:\/\/api.w.org\/{rel}","templated":true}]}}