{"id":16326,"date":"2025-02-06T17:49:36","date_gmt":"2025-02-06T14:49:36","guid":{"rendered":"https:\/\/www.egemtv.com\/?p=16326"},"modified":"2025-02-06T17:49:41","modified_gmt":"2025-02-06T14:49:41","slug":"hatay-ve-marasi-ziyaret-eden-milletvekili-sema-silkin-un-yureklerin-acisi-ilk-gunku-gibi","status":"publish","type":"post","link":"https:\/\/www.egemtv.com\/?p=16326","title":{"rendered":"Hatay ve Mara\u015f\u2019\u0131 ziyaret eden Milletvekili Sema Silkin \u00dcn; &#8220;Y\u00fcreklerin ac\u0131s\u0131 ilk g\u00fcnk\u00fc gibi&#8221;"},"content":{"rendered":"<p>Denizli Milletvekili Sema Silkin \u00dcn, 6 \u015eubat Depremi\u2019nin ikinci y\u0131l d\u00f6n\u00fcmde Kahramanmara\u015f ve Hatay\u2019\u0131 ziyaret etti. Ebrar Sitesinde yak\u0131nlar\u0131n\u0131 depremde kaybeden vatanda\u015flarla bir araya gelen Milletvekili \u00dcn, konteynerde ya\u015fayan vatanda\u015flarla bir araya geldi.<\/p>\n<p>T\u00fcrkiye\u2019de bir\u00e7ok ilin ve Denizli\u2019nin birinci derece deprem b\u00f6lgesinde yer ald\u0131\u011f\u0131n\u0131 hat\u0131rlatan Denizli Milletvekili Sema Silkin \u00dcn, 6 \u015eubat Depremi\u2019nin ikinci y\u0131l d\u00f6n\u00fcm\u00fcnde Kahramanmara\u015f ve Hatay\u2019\u0131 ziyaret etti. 1400 ki\u015fiye mezar olan Ebrar Sitesinde yak\u0131nlar\u0131n\u0131 kaybeden vatanda\u015flarla bir araya gelen Milletvekili \u00dcn, zorlu k\u0131\u015f \u015fartlar\u0131nda konteynerde ya\u015fayan vatanda\u015flar\u0131 ve mezarl\u0131\u011f\u0131 da ziyaret etti.<\/p>\n<p>11 ili etkileyen 6 \u015eubat Depremi\u2019nin b\u00fcy\u00fck ac\u0131lar ve toplumsal haf\u0131zada derin izler b\u0131rakt\u0131\u011f\u0131n\u0131 ifade eden Milletvekili \u00dcn, &#8220;6 \u015eubat 2023 tarihinde Kahramanmara\u015f merkezli 04.17\u2019de meydana gelen ve 11 \u00e7evre ili etkisi alt\u0131na alarak bir\u00e7ok y\u0131k\u0131ma ve can kayb\u0131na yol a\u00e7an depremler, hepimizde derin bir yara a\u00e7t\u0131. Ayn\u0131 g\u00fcn ard\u0131 ard\u0131na Kahramanmara\u015f\u2019\u0131n Pazarc\u0131k ve Elbistan il\u00e7eleri merkezli meydana gelen depremlerde resmi verilere g\u00f6re yakla\u015f\u0131k 40 bin bina y\u0131k\u0131lm\u0131\u015f, 200 binden fazlas\u0131 a\u011f\u0131r hasar alm\u0131\u015f, 11 ilde 14 milyonu a\u015fk\u0131n n\u00fcfusu do\u011frudan etkileyen bu y\u0131k\u0131m\u0131n sonucunda 50 binin \u00fczerinde yurtta\u015f\u0131m\u0131z hayat\u0131n\u0131 kaybetmi\u015ftir. Bu b\u00fcy\u00fck felakette hayat\u0131n\u0131 kaybeden yurtta\u015flar\u0131m\u0131z\u0131 sayg\u0131yla an\u0131yor, ailelerine ve yak\u0131nlar\u0131na bir kez daha ba\u015fsa\u011fl\u0131\u011f\u0131 diliyorum. Depremin a\u011f\u0131r yaralar\u0131n\u0131 sarmak i\u00e7in t\u00fcm vatanda\u015flar\u0131m\u0131z bir olmu\u015f, herkes elinden geldi\u011fince deprem b\u00f6lgesine yard\u0131mda bulunmu\u015f, arama ve enkaz kald\u0131rma \u00e7al\u0131\u015fmalar\u0131nda g\u00f6rev alm\u0131\u015ft\u0131r. Devletimizde deprem b\u00f6lgesinde \u00fczerine d\u00fc\u015feni yapm\u0131\u015f, yapmaya da devam etmektedir. Elbette depremin yaralar\u0131n\u0131n sar\u0131lmas\u0131 noktas\u0131nda yap\u0131lanlar\u0131 takdir ediyoruz ancak yetersizli\u011fi de bu ziyaretler vesilesiyle daha net g\u00f6r\u00fcyoruz. Zorlu k\u0131\u015f \u015fartlar\u0131nda ne yaz\u0131k ki konteynerler art\u0131k hayat\u0131n normali olmu\u015f. 6 \u015eubat Depremleri, etkiledi\u011fi co\u011frafi alan\u0131n geni\u015fli\u011fi, n\u00fcfusun fazlal\u0131\u011f\u0131 ve y\u0131k\u0131m\u0131n boyutu itibariyle, y\u0131llarca etkisini s\u00fcrd\u00fcrecek bir toplumsal travmaya sebep olmu\u015ftur. \u00dclkemizin depremselli\u011fi bilinen bir ger\u00e7ektir. Yak\u0131n bir gelecekte de b\u00fcy\u00fck depremler ya\u015fayaca\u011f\u0131m\u0131z ger\u00e7e\u011fi bilimsel bir hakikattir. Tam olarak ne zaman ve nerede meydana gelece\u011fi bilinmese de bilimsel veriler \u0131\u015f\u0131\u011f\u0131nda deprem olaylar\u0131n\u0131 \u00f6ng\u00f6rmek m\u00fcmk\u00fcnd\u00fcr. B\u00fcy\u00fck depremin y\u0131l d\u00f6n\u00fcm\u00fcnde ya\u015fam\u0131n\u0131 yitirenlere Allah\u2019tan rahmet ailelerine sab\u0131r ve ba\u015fsa\u011fl\u0131\u011f\u0131 diliyorum. Yaral\u0131lar\u0131m\u0131za da acil \u015fifalar diliyorum&#8221; dedi.<br \/><\/p>\n","protected":false},"excerpt":{"rendered":"<p>Denizli Milletvekili Sema Silkin \u00dcn, 6 \u015eubat Depremi\u2019nin ikinci y\u0131l d\u00f6n\u00fcmde Kahramanmara\u015f ve Hatay\u2019\u0131 ziyaret etti. Ebrar Sitesinde yak\u0131nlar\u0131n\u0131 depremde kaybeden vatanda\u015flarla bir araya gelen Milletvekili \u00dcn, konteynerde ya\u015fayan vatanda\u015flarla bir araya geldi. T\u00fcrkiye\u2019de bir\u00e7ok ilin ve Denizli\u2019nin birinci derece deprem b\u00f6lgesinde yer ald\u0131\u011f\u0131n\u0131 hat\u0131rlatan Denizli Milletvekili Sema Silkin \u00dcn, 6 \u015eubat Depremi\u2019nin ikinci y\u0131l&#8230;<\/p>\n","protected":false},"author":1,"featured_media":16327,"comment_status":"open","ping_status":"open","sticky":false,"template":"","format":"standard","meta":{"_crdt_document":"","footnotes":""},"categories":[127],"tags":[],"class_list":["post-16326","post","type-post","status-publish","format-standard","has-post-thumbnail","hentry","category-siyaset"],"_links":{"self":[{"href":"https:\/\/www.egemtv.com\/index.php?rest_route=\/wp\/v2\/posts\/16326","targetHints":{"allow":["GET"]}}],"collection":[{"href":"https:\/\/www.egemtv.com\/index.php?rest_route=\/wp\/v2\/posts"}],"about":[{"href":"https:\/\/www.egemtv.com\/index.php?rest_route=\/wp\/v2\/types\/post"}],"author":[{"embeddable":true,"href":"https:\/\/www.egemtv.com\/index.php?rest_route=\/wp\/v2\/users\/1"}],"replies":[{"embeddable":true,"href":"https:\/\/www.egemtv.com\/index.php?rest_route=%2Fwp%2Fv2%2Fcomments&post=16326"}],"version-history":[{"count":1,"href":"https:\/\/www.egemtv.com\/index.php?rest_route=\/wp\/v2\/posts\/16326\/revisions"}],"predecessor-version":[{"id":16328,"href":"https:\/\/www.egemtv.com\/index.php?rest_route=\/wp\/v2\/posts\/16326\/revisions\/16328"}],"wp:featuredmedia":[{"embeddable":true,"href":"https:\/\/www.egemtv.com\/index.php?rest_route=\/wp\/v2\/media\/16327"}],"wp:attachment":[{"href":"https:\/\/www.egemtv.com\/index.php?rest_route=%2Fwp%2Fv2%2Fmedia&parent=16326"}],"wp:term":[{"taxonomy":"category","embeddable":true,"href":"https:\/\/www.egemtv.com\/index.php?rest_route=%2Fwp%2Fv2%2Fcategories&post=16326"},{"taxonomy":"post_tag","embeddable":true,"href":"https:\/\/www.egemtv.com\/index.php?rest_route=%2Fwp%2Fv2%2Ftags&post=16326"}],"curies":[{"name":"wp","href":"https:\/\/api.w.org\/{rel}","templated":true}]}}