{"id":16323,"date":"2025-02-06T17:21:50","date_gmt":"2025-02-06T14:21:50","guid":{"rendered":"https:\/\/www.egemtv.com\/?p=16323"},"modified":"2025-02-06T17:21:57","modified_gmt":"2025-02-06T14:21:57","slug":"manisada-seyir-halindeki-mobil-lokma-araci-yandi","status":"publish","type":"post","link":"https:\/\/www.egemtv.com\/?p=16323","title":{"rendered":"Manisa\u2019da seyir halindeki mobil lokma arac\u0131 yand\u0131"},"content":{"rendered":"<p>Manisa\u2019n\u0131n Salihli il\u00e7esinde hareket halindeyken yang\u0131n \u00e7\u0131kan mobil lokma arac\u0131 kullan\u0131lamaz hale geldi.<br \/>\n<br \/>Olay, \u0130zmir-Ankara Karayolu Valeks Kav\u015fa\u011f\u0131 yak\u0131nlar\u0131nda meydana geldi. Al\u0131nan bilgiye g\u00f6re \u0130zmir\u2019den Ankara y\u00f6n\u00fcne giden \u0130smail \u00d6ner y\u00f6netimindeki 35 BLU 32 plakal\u0131 mobil lokma d\u00f6kme arac\u0131nda hen\u00fcz belirlenemeyen bir nedenden dolay\u0131 yang\u0131n \u00e7\u0131kt\u0131. Yang\u0131n\u0131 fark eden s\u00fcr\u00fcc\u00fc, kamyonetini kenara park ederek durumu itfaiye ekiplerine bildirdi. \u0130hbar \u00fczerine olay yerine gelen ekipler yang\u0131n\u0131 k\u0131sa s\u00fcrede s\u00f6nd\u00fcrd\u00fc. Yang\u0131n sonucu mobil lokma arac\u0131 kullan\u0131lamaz hale geldi.<br \/>\n<br \/>Polis, yang\u0131nla ilgili inceleme ba\u015flatt\u0131.<br \/><\/p>\n","protected":false},"excerpt":{"rendered":"<p>Manisa\u2019n\u0131n Salihli il\u00e7esinde hareket halindeyken yang\u0131n \u00e7\u0131kan mobil lokma arac\u0131 kullan\u0131lamaz hale geldi. Olay, \u0130zmir-Ankara Karayolu Valeks Kav\u015fa\u011f\u0131 yak\u0131nlar\u0131nda meydana geldi. Al\u0131nan bilgiye g\u00f6re \u0130zmir\u2019den Ankara y\u00f6n\u00fcne giden \u0130smail \u00d6ner y\u00f6netimindeki 35 BLU 32 plakal\u0131 mobil lokma d\u00f6kme arac\u0131nda hen\u00fcz belirlenemeyen bir nedenden dolay\u0131 yang\u0131n \u00e7\u0131kt\u0131. Yang\u0131n\u0131 fark eden s\u00fcr\u00fcc\u00fc, kamyonetini kenara park ederek durumu&#8230;<\/p>\n","protected":false},"author":1,"featured_media":16324,"comment_status":"open","ping_status":"open","sticky":false,"template":"","format":"standard","meta":{"_crdt_document":"","footnotes":""},"categories":[5],"tags":[],"class_list":["post-16323","post","type-post","status-publish","format-standard","has-post-thumbnail","hentry","category-asayis"],"_links":{"self":[{"href":"https:\/\/www.egemtv.com\/index.php?rest_route=\/wp\/v2\/posts\/16323","targetHints":{"allow":["GET"]}}],"collection":[{"href":"https:\/\/www.egemtv.com\/index.php?rest_route=\/wp\/v2\/posts"}],"about":[{"href":"https:\/\/www.egemtv.com\/index.php?rest_route=\/wp\/v2\/types\/post"}],"author":[{"embeddable":true,"href":"https:\/\/www.egemtv.com\/index.php?rest_route=\/wp\/v2\/users\/1"}],"replies":[{"embeddable":true,"href":"https:\/\/www.egemtv.com\/index.php?rest_route=%2Fwp%2Fv2%2Fcomments&post=16323"}],"version-history":[{"count":1,"href":"https:\/\/www.egemtv.com\/index.php?rest_route=\/wp\/v2\/posts\/16323\/revisions"}],"predecessor-version":[{"id":16325,"href":"https:\/\/www.egemtv.com\/index.php?rest_route=\/wp\/v2\/posts\/16323\/revisions\/16325"}],"wp:featuredmedia":[{"embeddable":true,"href":"https:\/\/www.egemtv.com\/index.php?rest_route=\/wp\/v2\/media\/16324"}],"wp:attachment":[{"href":"https:\/\/www.egemtv.com\/index.php?rest_route=%2Fwp%2Fv2%2Fmedia&parent=16323"}],"wp:term":[{"taxonomy":"category","embeddable":true,"href":"https:\/\/www.egemtv.com\/index.php?rest_route=%2Fwp%2Fv2%2Fcategories&post=16323"},{"taxonomy":"post_tag","embeddable":true,"href":"https:\/\/www.egemtv.com\/index.php?rest_route=%2Fwp%2Fv2%2Ftags&post=16323"}],"curies":[{"name":"wp","href":"https:\/\/api.w.org\/{rel}","templated":true}]}}