{"id":16320,"date":"2025-02-06T17:12:41","date_gmt":"2025-02-06T14:12:41","guid":{"rendered":"https:\/\/www.egemtv.com\/?p=16320"},"modified":"2025-02-06T17:12:47","modified_gmt":"2025-02-06T14:12:47","slug":"evlilik-yil-donumunde-sehit-dustu-kizinin-dogum-gununde-topraga-verildi","status":"publish","type":"post","link":"https:\/\/www.egemtv.com\/?p=16320","title":{"rendered":"Evlilik y\u0131l d\u00f6n\u00fcm\u00fcnde \u015fehit d\u00fc\u015ft\u00fc, k\u0131z\u0131n\u0131n do\u011fum g\u00fcn\u00fcnde topra\u011fa verildi"},"content":{"rendered":"<p>Kuzey Irak\u2019ta Pen\u00e7e Kilit operasyonu b\u00f6lgesinde \u015fehit d\u00fc\u015fen Piyade Komando Binba\u015f\u0131 Murat Kemal Yeti\u015fen binlerce Ayd\u0131nl\u0131 taraf\u0131ndan tekbirlerle son yolculu\u011funa u\u011furland\u0131. Binba\u015f\u0131 Yeti\u015fen\u2019in evlilik y\u0131l d\u00f6n\u00fcm\u00fcnde \u015fehit d\u00fc\u015ft\u00fc\u011f\u00fc, topra\u011fa verildi\u011fi bug\u00fcn ise 7 ya\u015f\u0131ndaki k\u0131z\u0131 Ece Yeti\u015fen\u2019in do\u011fum g\u00fcn\u00fc oldu\u011fu \u00f6\u011frenildi.<\/p>\n<p>Pen\u00e7e-Kilit operasyonu b\u00f6lgesinde, 5 \u015eubat 2025 tarihinde, arama tarama faaliyetleri esnas\u0131nda B\u00f6l\u00fcc\u00fc Ter\u00f6r \u00d6rg\u00fct\u00fc mensuplar\u0131 ile \u00e7\u0131kan \u00e7at\u0131\u015fmada Piyade Komando Binba\u015f\u0131 Murat Kemal Yeti\u015fen \u015fehit oldu. D\u00fcn ak\u015fam saatlerinde Ayd\u0131n Vali Yard\u0131mc\u0131s\u0131 Mehmet Y\u00fcce, Adnan Menderes Mahallesi\u2019nde oturan \u015fehidin ailesine ac\u0131 haberi vermi\u015fti. Ac\u0131 haberi alan \u015fehidin evine T\u00fcrk Bayra\u011f\u0131 as\u0131lm\u0131\u015ft\u0131. Aslen Germencikli olan evli ve bir \u00e7ocuk babas\u0131 Piyade Komando Binba\u015f\u0131 Murat Kemal Yeti\u015fen\u2019in e\u015fi Mesude Esin Yeti\u015fen\u2019in de Ankara\u2019n\u0131n G\u00f6lba\u015f\u0131 il\u00e7esinde Erdem Beyaz\u0131t Anadolu Lisesi\u2019nde \u0130ngilizce \u00f6\u011fretmeni olarak g\u00f6rev yapt\u0131\u011f\u0131 \u00f6\u011frenildi.<\/p>\n<p>&#8220;\u015eehit Binba\u015f\u0131 Yeti\u015fen\u2019i binlerce Ayd\u0131nl\u0131 u\u011furlad\u0131&#8221;<br \/>\n<br \/>B\u00f6l\u00fcc\u00fc Ter\u00f6r \u00d6rg\u00fct\u00fc mensuplar\u0131 ile \u00e7\u0131kan \u00e7at\u0131\u015fmada kahramanca sava\u015farak \u015fehadet mertebesine ula\u015fan Piyade Komando Binba\u015f\u0131 Murat Kemal Yeti\u015fen\u2019in naa\u015f\u0131 annesi Ay\u015fe Gaser\u2019in evinde helallik al\u0131nmas\u0131n\u0131n ard\u0131ndan Bey Camii\u2019ne getirildi. Komando Binba\u015f\u0131 Yeti\u015fen, ikindi namaz\u0131 sonras\u0131 k\u0131l\u0131nan cenaze namaz\u0131n\u0131n ard\u0131ndan, Kemer Mezarl\u0131\u011f\u0131 \u015eehitli\u011fi\u2019nde sevenlerinin g\u00f6zya\u015flar\u0131 i\u00e7erisinde topra\u011fa verildi. Ayd\u0131n B\u00fcy\u00fck\u015fehir Belediye Ba\u015fkan\u0131 \u00d6zlem \u00c7er\u00e7io\u011flu da camiye gelerek cenaze \u00f6ncesi \u015fehidin ailesine ba\u015fsa\u011fl\u0131\u011f\u0131 dileklerini iletti, ac\u0131l\u0131 aileyi yaln\u0131z b\u0131rakmad\u0131.<\/p>\n<p>&#8220;Evlilik y\u0131l d\u00f6n\u00fcm\u00fcnde \u015fehit d\u00fc\u015ft\u00fc&#8221;<br \/>\n<br \/>Kuzey Irak\u2019ta \u015fehadet mertebesine ula\u015fan Binba\u015f\u0131 Murat Kemal Yeti\u015fen\u2019in evlilik y\u0131ld\u00f6n\u00fcm\u00fcnde \u015fehit d\u00fc\u015ft\u00fc\u011f\u00fc, topra\u011fa verildi\u011fi bug\u00fcn ise 7 ya\u015f\u0131ndaki k\u0131z\u0131 Ece Yeti\u015fen\u2019in do\u011fum g\u00fcn\u00fc oldu\u011fu \u00f6\u011frenilirken, bu y\u00fcrek yakan ayr\u0131nt\u0131y\u0131 duyanlar ise g\u00f6zya\u015flar\u0131n\u0131 tutamad\u0131. O\u011flunu son yolculu\u011funda yaln\u0131z b\u0131rakmayan anne Ay\u015fe Gaser ise g\u00fc\u00e7l\u00fckle ayakta durabildi.<\/p>\n<p>Cenazeye, Ula\u015ft\u0131rma ve Altyap\u0131 Bakanl\u0131\u011f\u0131 Bakan Yard\u0131mc\u0131s\u0131 Dr. \u00d6mer Fatih Sayan, Ayd\u0131n Valisi Yakup Canbolat, Ege Ordusu ve Garnizon Komutan\u0131 Orgeneral \u0130rfan \u00d6zsert, Ayd\u0131n \u0130l Jandarma Komutan\u0131 Albay Ali Naci Aldemir, \u015fehidin babas\u0131 Sava\u015f Yeti\u015fen, \u015fehidin ailesi ve yak\u0131nlar\u0131, beraber g\u00f6rev yapt\u0131\u011f\u0131 silah arkada\u015flar\u0131, askeri ve siyasi erkan ve binlerce vatanda\u015f kat\u0131ld\u0131.<br \/><\/p>\n","protected":false},"excerpt":{"rendered":"<p>Kuzey Irak\u2019ta Pen\u00e7e Kilit operasyonu b\u00f6lgesinde \u015fehit d\u00fc\u015fen Piyade Komando Binba\u015f\u0131 Murat Kemal Yeti\u015fen binlerce Ayd\u0131nl\u0131 taraf\u0131ndan tekbirlerle son yolculu\u011funa u\u011furland\u0131. Binba\u015f\u0131 Yeti\u015fen\u2019in evlilik y\u0131l d\u00f6n\u00fcm\u00fcnde \u015fehit d\u00fc\u015ft\u00fc\u011f\u00fc, topra\u011fa verildi\u011fi bug\u00fcn ise 7 ya\u015f\u0131ndaki k\u0131z\u0131 Ece Yeti\u015fen\u2019in do\u011fum g\u00fcn\u00fc oldu\u011fu \u00f6\u011frenildi. Pen\u00e7e-Kilit operasyonu b\u00f6lgesinde, 5 \u015eubat 2025 tarihinde, arama tarama faaliyetleri esnas\u0131nda B\u00f6l\u00fcc\u00fc Ter\u00f6r \u00d6rg\u00fct\u00fc&#8230;<\/p>\n","protected":false},"author":1,"featured_media":16321,"comment_status":"open","ping_status":"open","sticky":false,"template":"","format":"standard","meta":{"_crdt_document":"","footnotes":""},"categories":[1],"tags":[],"class_list":["post-16320","post","type-post","status-publish","format-standard","has-post-thumbnail","hentry","category-guncel"],"_links":{"self":[{"href":"https:\/\/www.egemtv.com\/index.php?rest_route=\/wp\/v2\/posts\/16320","targetHints":{"allow":["GET"]}}],"collection":[{"href":"https:\/\/www.egemtv.com\/index.php?rest_route=\/wp\/v2\/posts"}],"about":[{"href":"https:\/\/www.egemtv.com\/index.php?rest_route=\/wp\/v2\/types\/post"}],"author":[{"embeddable":true,"href":"https:\/\/www.egemtv.com\/index.php?rest_route=\/wp\/v2\/users\/1"}],"replies":[{"embeddable":true,"href":"https:\/\/www.egemtv.com\/index.php?rest_route=%2Fwp%2Fv2%2Fcomments&post=16320"}],"version-history":[{"count":1,"href":"https:\/\/www.egemtv.com\/index.php?rest_route=\/wp\/v2\/posts\/16320\/revisions"}],"predecessor-version":[{"id":16322,"href":"https:\/\/www.egemtv.com\/index.php?rest_route=\/wp\/v2\/posts\/16320\/revisions\/16322"}],"wp:featuredmedia":[{"embeddable":true,"href":"https:\/\/www.egemtv.com\/index.php?rest_route=\/wp\/v2\/media\/16321"}],"wp:attachment":[{"href":"https:\/\/www.egemtv.com\/index.php?rest_route=%2Fwp%2Fv2%2Fmedia&parent=16320"}],"wp:term":[{"taxonomy":"category","embeddable":true,"href":"https:\/\/www.egemtv.com\/index.php?rest_route=%2Fwp%2Fv2%2Fcategories&post=16320"},{"taxonomy":"post_tag","embeddable":true,"href":"https:\/\/www.egemtv.com\/index.php?rest_route=%2Fwp%2Fv2%2Ftags&post=16320"}],"curies":[{"name":"wp","href":"https:\/\/api.w.org\/{rel}","templated":true}]}}