{"id":16314,"date":"2025-02-06T17:09:07","date_gmt":"2025-02-06T14:09:07","guid":{"rendered":"https:\/\/www.egemtv.com\/?p=16314"},"modified":"2025-02-06T17:09:12","modified_gmt":"2025-02-06T14:09:12","slug":"dto-baskani-erdogandan-genclere-tam-destek","status":"publish","type":"post","link":"https:\/\/www.egemtv.com\/?p=16314","title":{"rendered":"DTO Ba\u015fkan\u0131 Erdo\u011fan\u2019dan gen\u00e7lere tam destek"},"content":{"rendered":"<p>Mahallemde Ma\u00e7 Var projesine kat\u0131lan 15-17 ya\u015f\u0131ndaki 976 gence sportif ekipman deste\u011fi verdiklerini belirten DENKO Uluslararas\u0131 Ta\u015f\u0131mac\u0131l\u0131k ve Lojistik Y\u00f6netim Kurulu Ba\u015fkan\u0131 ve Denizli Ticaret Odas\u0131 (DTO) Ba\u015fkan\u0131 U\u011fur Erdo\u011fan, &#8220;Gen\u00e7lerimiz s\u00f6z konusu oldu\u011funda onlar\u0131n daha iyi olmalar\u0131 i\u00e7in gerekli deste\u011fi her zaman veririz&#8221; dedi.<\/p>\n<p>Denizli Valili\u011fi ile Denizli \u0130l Emniyet M\u00fcd\u00fcrl\u00fc\u011f\u00fc\u2019n\u00fcn ge\u00e7en y\u0131l ba\u015flatt\u0131\u011f\u0131 Mahallemde Ma\u00e7 Var Futbol Turnuvas\u0131\u2019n\u0131n ikincisini a\u00e7\u0131l\u0131\u015f t\u00f6reni Ye\u015filk\u00f6y Servergazi Sahas\u0131\u2019nda yap\u0131ld\u0131. Gen\u00e7leri, DTO Ba\u015fkan\u0131 U\u011fur Erdo\u011fan\u2019\u0131n yan\u0131 s\u0131ra Denizli Valisi \u00d6mer Faruk Co\u015fkun ve \u0130l Emniyet M\u00fcd\u00fcr\u00fc Yavuz Sa\u011fd\u0131\u00e7\u2019\u0131n da aralar\u0131nda bulundu\u011fu protokol \u00fcyeleri ile amat\u00f6r spor camias\u0131 yaln\u0131z b\u0131rakmad\u0131. Mahalle muhtarlar\u0131 da tak\u0131mlar\u0131yla birlikte sahada yer ald\u0131.<\/p>\n<p>Denizli i\u015f d\u00fcnyas\u0131 ad\u0131na t\u00f6renin a\u00e7\u0131\u015f konu\u015fmas\u0131n\u0131 Ba\u015fkan Erdo\u011fan yapt\u0131<br \/>\n<br \/>T\u00f6renin a\u00e7\u0131\u015f konu\u015fmas\u0131n\u0131 DTO Y\u00f6netim Kurulu Ba\u015fkan\u0131 U\u011fur Erdo\u011fan yapt\u0131. Denizli Ticaret Odas\u0131\u2019n\u0131n Denizli\u2019de ekonomiye can ve y\u00f6n veren 23 bin \u00fcyesi bulundu\u011funa ve \u015fehrin en b\u00fcy\u00fck ve en etkili sivil toplum kurulu\u015fu olarak i\u015f d\u00fcnyas\u0131n\u0131n oldu\u011fu kadar sosyal hayat\u0131n da her daim i\u00e7inde oldu\u011funu vurgulayan Ba\u015fkan Erdo\u011fan, &#8220;Odam\u0131z hem i\u015f d\u00fcnyam\u0131z\u0131n hem de sosyal hayat\u0131n her an yan\u0131ndad\u0131r, en b\u00fcy\u00fck destek\u00e7isidir. \u00dczerinde Denizli yazan her \u015fey bizim i\u00e7in de\u011ferlidir ve \u00e7ok \u00f6nemlidir. \u0130\u015fte bu bilin\u00e7le, bug\u00fcn de gelece\u011fimiz olarak g\u00f6rd\u00fc\u011f\u00fcm\u00fcz gen\u00e7lerimizin yan\u0131nday\u0131z. Bizler, 15-17 ya\u015f aral\u0131\u011f\u0131ndaki gen\u00e7lerimizin e\u011fitimlerinden arta kalan zamanlar\u0131n\u0131, kaliteli ve sosyal bir \u015fekilde ge\u00e7irmelerini arzu ediyoruz. K\u00f6t\u00fc al\u0131\u015fkanl\u0131k ve arkada\u015fl\u0131klardan uzak durmalar\u0131n\u0131 ve mahallelerimizde birlik beraberlik duygusunu art\u0131rmay\u0131 istiyoruz. O nedenle, bu etkinli\u011fimizi destekliyoruz. Bu etkinli\u011fin iki y\u0131ld\u0131r haz\u0131rlanmas\u0131nda eme\u011fi olan herkese, toplumsal duyarl\u0131l\u0131k g\u00f6stererek bizi yaln\u0131z b\u0131rakmayan ve katk\u0131 sa\u011flayan i\u015f insanlar\u0131m\u0131za te\u015fekk\u00fcr ediyoruz. Hay\u0131rl\u0131 bir i\u015fe imza att\u0131n\u0131z; hepinizden Allah raz\u0131 olsun. Gen\u00e7lerimize de ba\u015far\u0131lar diliyoruz. De\u011ferli gen\u00e7ler, \u015funu asla unutmay\u0131n; Gazi Mustafa Kemal Atat\u00fcrk\u2019\u00fcn de dedi\u011fi gibi biz sporcunun zeki, \u00e7evik ve ahlakl\u0131s\u0131n\u0131 severiz. Ve \u00fclkesine ba\u011fl\u0131 her T\u00fcrk gencini de b\u00f6yle yeti\u015fmesini isteriz. Hepinize ba\u015far\u0131l\u0131, sa\u011fl\u0131kl\u0131 ve mutlu g\u00fcnler diliyoruz&#8221; dedi.<\/p>\n<p>Ba\u015fkan Erdo\u011fan sevilen ismi ve emeklerini unutmad\u0131<br \/>\n<br \/>Ba\u015fkan Erdo\u011fan, konu\u015fmas\u0131n\u0131n sonunda ise amat\u00f6r spor camias\u0131na b\u00fcy\u00fck emek vermi\u015f, bir d\u00f6nem Denizli\u2019de Amat\u00f6r Spor Kul\u00fcpleri Federasyonu\u2019nun (ASKF) Futbol \u0130l Temsilcili\u011fini de yapm\u0131\u015f, kentte \u00e7ok say\u0131da sporcu yeti\u015ftirmi\u015f, sevilen ve de\u011ferli bir isim olarak nitelendirdi\u011fi Antren\u00f6r Levend Sar\u0131o\u011flu\u2019nu elim bir hastal\u0131ktan kaybettiklerini hat\u0131rlatt\u0131; &#8220;Allah, rahmet etsin; cennet, mek\u00e2n\u0131 olsun. Amat\u00f6r spor camiam\u0131z\u0131n ba\u015f\u0131 sa\u011f olsun&#8221; diyerek s\u00f6zlerine son verdi.<\/p>\n<p>\u0130lk ma\u00e7\u0131n ba\u015flang\u0131\u00e7 vuru\u015funu, protokol \u00fcyeleri yapt\u0131<br \/>\n<br \/>Protokol \u00fcyelerinin de tak\u0131mlar\u0131n antren\u00f6rleri ile oyuncular\u0131n\u0131 ve turnuvada g\u00f6rev alacak hakemleri tebrik ederek ba\u015far\u0131 diledi\u011fi a\u00e7\u0131\u015f konu\u015fmalar\u0131n\u0131n ard\u0131ndan ilk kar\u015f\u0131la\u015fman\u0131n ba\u015flang\u0131\u00e7 vuru\u015funu da sembolik olarak Vali Co\u015fkun, DTO Ba\u015fkan\u0131 U\u011fur Erdo\u011fan, \u0130l Emniyet M\u00fcd\u00fcr\u00fc Yavuz Sa\u011fd\u0131\u00e7 ve Denizli B\u00fcy\u00fck\u015fehir Belediye Ba\u015fkan Vekili Ali Mar\u0131m birlikte yapt\u0131lar. Bu s\u0131rada ye\u015fil sahada olduk\u00e7a samimi bir ortam ve renkli g\u00f6r\u00fcnt\u00fcler olu\u015ftu.<br \/><\/p>\n","protected":false},"excerpt":{"rendered":"<p>Mahallemde Ma\u00e7 Var projesine kat\u0131lan 15-17 ya\u015f\u0131ndaki 976 gence sportif ekipman deste\u011fi verdiklerini belirten DENKO Uluslararas\u0131 Ta\u015f\u0131mac\u0131l\u0131k ve Lojistik Y\u00f6netim Kurulu Ba\u015fkan\u0131 ve Denizli Ticaret Odas\u0131 (DTO) Ba\u015fkan\u0131 U\u011fur Erdo\u011fan, &#8220;Gen\u00e7lerimiz s\u00f6z konusu oldu\u011funda onlar\u0131n daha iyi olmalar\u0131 i\u00e7in gerekli deste\u011fi her zaman veririz&#8221; dedi. Denizli Valili\u011fi ile Denizli \u0130l Emniyet M\u00fcd\u00fcrl\u00fc\u011f\u00fc\u2019n\u00fcn ge\u00e7en y\u0131l ba\u015flatt\u0131\u011f\u0131&#8230;<\/p>\n","protected":false},"author":1,"featured_media":16315,"comment_status":"open","ping_status":"open","sticky":false,"template":"","format":"standard","meta":{"_crdt_document":"","footnotes":""},"categories":[4],"tags":[],"class_list":["post-16314","post","type-post","status-publish","format-standard","has-post-thumbnail","hentry","category-spor"],"_links":{"self":[{"href":"https:\/\/www.egemtv.com\/index.php?rest_route=\/wp\/v2\/posts\/16314","targetHints":{"allow":["GET"]}}],"collection":[{"href":"https:\/\/www.egemtv.com\/index.php?rest_route=\/wp\/v2\/posts"}],"about":[{"href":"https:\/\/www.egemtv.com\/index.php?rest_route=\/wp\/v2\/types\/post"}],"author":[{"embeddable":true,"href":"https:\/\/www.egemtv.com\/index.php?rest_route=\/wp\/v2\/users\/1"}],"replies":[{"embeddable":true,"href":"https:\/\/www.egemtv.com\/index.php?rest_route=%2Fwp%2Fv2%2Fcomments&post=16314"}],"version-history":[{"count":1,"href":"https:\/\/www.egemtv.com\/index.php?rest_route=\/wp\/v2\/posts\/16314\/revisions"}],"predecessor-version":[{"id":16316,"href":"https:\/\/www.egemtv.com\/index.php?rest_route=\/wp\/v2\/posts\/16314\/revisions\/16316"}],"wp:featuredmedia":[{"embeddable":true,"href":"https:\/\/www.egemtv.com\/index.php?rest_route=\/wp\/v2\/media\/16315"}],"wp:attachment":[{"href":"https:\/\/www.egemtv.com\/index.php?rest_route=%2Fwp%2Fv2%2Fmedia&parent=16314"}],"wp:term":[{"taxonomy":"category","embeddable":true,"href":"https:\/\/www.egemtv.com\/index.php?rest_route=%2Fwp%2Fv2%2Fcategories&post=16314"},{"taxonomy":"post_tag","embeddable":true,"href":"https:\/\/www.egemtv.com\/index.php?rest_route=%2Fwp%2Fv2%2Ftags&post=16314"}],"curies":[{"name":"wp","href":"https:\/\/api.w.org\/{rel}","templated":true}]}}