{"id":16299,"date":"2025-02-06T16:55:48","date_gmt":"2025-02-06T13:55:48","guid":{"rendered":"https:\/\/www.egemtv.com\/?p=16299"},"modified":"2025-02-06T16:55:51","modified_gmt":"2025-02-06T13:55:51","slug":"izmirde-insaat-halindeki-okulun-bahcesinde-yangin","status":"publish","type":"post","link":"https:\/\/www.egemtv.com\/?p=16299","title":{"rendered":"\u0130zmir\u2019de in\u015faat halindeki okulun bah\u00e7esinde yang\u0131n"},"content":{"rendered":"<p>\u0130zmir\u2019in Bornova il\u00e7esinde in\u015faat halindeki okulun bah\u00e7esinde bulunan malzemeler alev ald\u0131. Bb\u00f6lgeye gelen itfaiye ekipleri yang\u0131n\u0131 k\u0131sa bir s\u00fcrede s\u00f6nd\u00fcrd\u00fc.<br \/>\n<br \/>Yang\u0131n, Bornova\u2019ya ba\u011fl\u0131 Evka 4 Mahallesi 954. Sokak\u2019ta bulunan in\u015faat halindeki bir okulda \u00e7\u0131kt\u0131. Edinilen bilgiye g\u00f6re, saat 15.30 s\u0131ralar\u0131nda okul bah\u00e7esinde bulunan in\u015faat malzemeleri bir anda yanmaya ba\u015flad\u0131. Dumanlar\u0131n y\u00fckseldi\u011fini g\u00f6ren \u00e7evredeki vatanda\u015flar, durumu polis ve itfaiye ekiplerine bildirdi. K\u0131sa s\u00fcrede olay yerine gelen itfaiye ekipleri yang\u0131n\u0131 s\u00f6nd\u00fcrd\u00fc. Polis, yang\u0131nla ilgili inceleme ba\u015flatt\u0131.<br \/><\/p>\n","protected":false},"excerpt":{"rendered":"<p>\u0130zmir\u2019in Bornova il\u00e7esinde in\u015faat halindeki okulun bah\u00e7esinde bulunan malzemeler alev ald\u0131. Bb\u00f6lgeye gelen itfaiye ekipleri yang\u0131n\u0131 k\u0131sa bir s\u00fcrede s\u00f6nd\u00fcrd\u00fc. Yang\u0131n, Bornova\u2019ya ba\u011fl\u0131 Evka 4 Mahallesi 954. Sokak\u2019ta bulunan in\u015faat halindeki bir okulda \u00e7\u0131kt\u0131. Edinilen bilgiye g\u00f6re, saat 15.30 s\u0131ralar\u0131nda okul bah\u00e7esinde bulunan in\u015faat malzemeleri bir anda yanmaya ba\u015flad\u0131. Dumanlar\u0131n y\u00fckseldi\u011fini g\u00f6ren \u00e7evredeki vatanda\u015flar, durumu&#8230;<\/p>\n","protected":false},"author":1,"featured_media":16300,"comment_status":"open","ping_status":"open","sticky":false,"template":"","format":"standard","meta":{"_crdt_document":"","footnotes":""},"categories":[5],"tags":[],"class_list":["post-16299","post","type-post","status-publish","format-standard","has-post-thumbnail","hentry","category-asayis"],"_links":{"self":[{"href":"https:\/\/www.egemtv.com\/index.php?rest_route=\/wp\/v2\/posts\/16299","targetHints":{"allow":["GET"]}}],"collection":[{"href":"https:\/\/www.egemtv.com\/index.php?rest_route=\/wp\/v2\/posts"}],"about":[{"href":"https:\/\/www.egemtv.com\/index.php?rest_route=\/wp\/v2\/types\/post"}],"author":[{"embeddable":true,"href":"https:\/\/www.egemtv.com\/index.php?rest_route=\/wp\/v2\/users\/1"}],"replies":[{"embeddable":true,"href":"https:\/\/www.egemtv.com\/index.php?rest_route=%2Fwp%2Fv2%2Fcomments&post=16299"}],"version-history":[{"count":1,"href":"https:\/\/www.egemtv.com\/index.php?rest_route=\/wp\/v2\/posts\/16299\/revisions"}],"predecessor-version":[{"id":16301,"href":"https:\/\/www.egemtv.com\/index.php?rest_route=\/wp\/v2\/posts\/16299\/revisions\/16301"}],"wp:featuredmedia":[{"embeddable":true,"href":"https:\/\/www.egemtv.com\/index.php?rest_route=\/wp\/v2\/media\/16300"}],"wp:attachment":[{"href":"https:\/\/www.egemtv.com\/index.php?rest_route=%2Fwp%2Fv2%2Fmedia&parent=16299"}],"wp:term":[{"taxonomy":"category","embeddable":true,"href":"https:\/\/www.egemtv.com\/index.php?rest_route=%2Fwp%2Fv2%2Fcategories&post=16299"},{"taxonomy":"post_tag","embeddable":true,"href":"https:\/\/www.egemtv.com\/index.php?rest_route=%2Fwp%2Fv2%2Ftags&post=16299"}],"curies":[{"name":"wp","href":"https:\/\/api.w.org\/{rel}","templated":true}]}}