{"id":16296,"date":"2025-02-06T16:55:42","date_gmt":"2025-02-06T13:55:42","guid":{"rendered":"https:\/\/www.egemtv.com\/?p=16296"},"modified":"2025-02-06T16:55:48","modified_gmt":"2025-02-06T13:55:48","slug":"baskan-balabandan-yunusemrenin-altin-cocuguna-odul","status":"publish","type":"post","link":"https:\/\/www.egemtv.com\/?p=16296","title":{"rendered":"Ba\u015fkan Balaban\u2019dan Yunusemre\u2019nin alt\u0131n \u00e7ocu\u011funa \u00f6d\u00fcl"},"content":{"rendered":"<p>Yunusemre Belediye Ba\u015fkan\u0131 Semih Balaban, Ankara\u2019da d\u00fczenlenen Spor Toto \u00dcmitler T\u00fcrkiye Judo \u015eampiyonas\u0131\u2019nda 73 kiloda \u015fampiyon olan Yunusemre Belediyespor\u2019un judocusu Emin Levent Yelkenci\u2019yi tebrik ederek alt\u0131nla \u00f6d\u00fcllendirdi.<br \/>\n<br \/>Yunusemre Belediye Ba\u015fkan\u0131 Semih Balaban, T\u00fcrkiye Judo Federasyonu taraf\u0131ndan Ankara\u2019da d\u00fczenlenen Spor Toto \u00dcmitler T\u00fcrkiye Judo \u015eampiyonas\u0131\u2019nda 73 kiloda birinci olan Yunusemre Belediyespor\u2019un judocusu Emin Levent Yelkenci\u2019yi makam\u0131nda a\u011f\u0131rlayarak alt\u0131nla \u00f6d\u00fcllendirdi. Spora ve sporcuya verdikleri \u00f6nemin meyvelerini almaya ba\u015flad\u0131klar\u0131n\u0131 belirten Ba\u015fkan Balaban, Emin Levent Yelkenci\u2019yi, antren\u00f6rlerini, ailesini ve ba\u015far\u0131da eme\u011fi ge\u00e7en kul\u00fcp y\u00f6netimini tebrik etti. Belediye Ba\u015fkan\u0131 Balaban, &#8220;Sporcumuz, \u015fehrimizi en iyi \u015fekilde temsil ederek gururumuz oldu. Kendisinin milli tak\u0131m seviyesinde de ba\u015far\u0131l\u0131 olup, \u00fclkemize madalyalar kazand\u0131raca\u011f\u0131na y\u00fcrekten inan\u0131yorum. Hangi amat\u00f6r bran\u015f olursa olsun t\u00fcm sporcular\u0131m\u0131z\u0131n destek\u00e7isi olmaya devam edece\u011fiz&#8221; dedi.<br \/>\n<br \/>Emin Levent Yelkenci, 15 \u015eubat\u2019ta Samsun\u2019da yap\u0131lacak \u00dcmitler Milli Tak\u0131m Kamp\u0131\u2019na kat\u0131lacak ve buradaki yo\u011fun \u00e7al\u0131\u015fmalar\u0131n ard\u0131ndan Avrupa Judo Kupas\u0131\u2019nda T\u00fcrkiye\u2019yi temsil edecek. Ziyarete Belediye Ba\u015fkan Yard\u0131mc\u0131s\u0131 Hakan G\u00fcrtunca, Yunusemre Belediyespor Ba\u015fkan\u0131 B\u00fclent Kanik, kul\u00fcp y\u00f6neticisi Y\u00fccel Ta\u015f\u00e7\u0131, Emin Levent Yelkenci\u2019nin annesi M\u00fcbeccel Yelkenci ve antren\u00f6rler Halil Atmaca, Derya \u00c7idem, \u0130smail Can\u0131tez de e\u015flik etti.<br \/><\/p>\n","protected":false},"excerpt":{"rendered":"<p>Yunusemre Belediye Ba\u015fkan\u0131 Semih Balaban, Ankara\u2019da d\u00fczenlenen Spor Toto \u00dcmitler T\u00fcrkiye Judo \u015eampiyonas\u0131\u2019nda 73 kiloda \u015fampiyon olan Yunusemre Belediyespor\u2019un judocusu Emin Levent Yelkenci\u2019yi tebrik ederek alt\u0131nla \u00f6d\u00fcllendirdi. Yunusemre Belediye Ba\u015fkan\u0131 Semih Balaban, T\u00fcrkiye Judo Federasyonu taraf\u0131ndan Ankara\u2019da d\u00fczenlenen Spor Toto \u00dcmitler T\u00fcrkiye Judo \u015eampiyonas\u0131\u2019nda 73 kiloda birinci olan Yunusemre Belediyespor\u2019un judocusu Emin Levent Yelkenci\u2019yi makam\u0131nda&#8230;<\/p>\n","protected":false},"author":1,"featured_media":16297,"comment_status":"open","ping_status":"open","sticky":false,"template":"","format":"standard","meta":{"_crdt_document":"","footnotes":""},"categories":[4],"tags":[],"class_list":["post-16296","post","type-post","status-publish","format-standard","has-post-thumbnail","hentry","category-spor"],"_links":{"self":[{"href":"https:\/\/www.egemtv.com\/index.php?rest_route=\/wp\/v2\/posts\/16296","targetHints":{"allow":["GET"]}}],"collection":[{"href":"https:\/\/www.egemtv.com\/index.php?rest_route=\/wp\/v2\/posts"}],"about":[{"href":"https:\/\/www.egemtv.com\/index.php?rest_route=\/wp\/v2\/types\/post"}],"author":[{"embeddable":true,"href":"https:\/\/www.egemtv.com\/index.php?rest_route=\/wp\/v2\/users\/1"}],"replies":[{"embeddable":true,"href":"https:\/\/www.egemtv.com\/index.php?rest_route=%2Fwp%2Fv2%2Fcomments&post=16296"}],"version-history":[{"count":1,"href":"https:\/\/www.egemtv.com\/index.php?rest_route=\/wp\/v2\/posts\/16296\/revisions"}],"predecessor-version":[{"id":16298,"href":"https:\/\/www.egemtv.com\/index.php?rest_route=\/wp\/v2\/posts\/16296\/revisions\/16298"}],"wp:featuredmedia":[{"embeddable":true,"href":"https:\/\/www.egemtv.com\/index.php?rest_route=\/wp\/v2\/media\/16297"}],"wp:attachment":[{"href":"https:\/\/www.egemtv.com\/index.php?rest_route=%2Fwp%2Fv2%2Fmedia&parent=16296"}],"wp:term":[{"taxonomy":"category","embeddable":true,"href":"https:\/\/www.egemtv.com\/index.php?rest_route=%2Fwp%2Fv2%2Fcategories&post=16296"},{"taxonomy":"post_tag","embeddable":true,"href":"https:\/\/www.egemtv.com\/index.php?rest_route=%2Fwp%2Fv2%2Ftags&post=16296"}],"curies":[{"name":"wp","href":"https:\/\/api.w.org\/{rel}","templated":true}]}}