{"id":16293,"date":"2025-02-06T16:31:29","date_gmt":"2025-02-06T13:31:29","guid":{"rendered":"https:\/\/www.egemtv.com\/?p=16293"},"modified":"2025-02-06T16:31:37","modified_gmt":"2025-02-06T13:31:37","slug":"egirdirli-cocuklardan-depremzede-kardeslerine-sicak-dokunus","status":"publish","type":"post","link":"https:\/\/www.egemtv.com\/?p=16293","title":{"rendered":"E\u011firdirli \u00e7ocuklardan depremzede karde\u015flerine s\u0131cak dokunu\u015f"},"content":{"rendered":"<p>Isparta E\u011firdir Ba\u011flar \u0130lk ve Ortaokulu Anas\u0131n\u0131f\u0131 \u00f6\u011frencileri, Kahramanmara\u015f merkezli depremlerden etkilenen \u00e7ocuklara destek olmak amac\u0131yla &#8220;Her Zaman Yan\u0131nday\u0131m, G\u00f6n\u00fcl Atk\u0131s\u0131&#8221; projesi kapsam\u0131nda 15 atk\u0131 \u00f6rd\u00fc. \u00d6\u011fretmenleri Seher \u015eahin rehberli\u011finde yo\u011furt kovalar\u0131nda \u00f6r\u00fclen atk\u0131lar ve \u00e7e\u015fitli hediyeler, Malatya Ye\u015filyurt Z\u00fcbeyde Han\u0131m Anaokulu\u2019ndaki \u00e7ocuklara g\u00f6nderildi.<br \/>\n<br \/>Isparta\u2019n\u0131n E\u011firdir il\u00e7esinde Ba\u011flar \u0130lk ve Ortaokulu Anas\u0131n\u0131f\u0131 \u00f6\u011frencileri, Kahramanmara\u015f merkezli depremlerden etkilenen \u00e7ocuklara destek olmak i\u00e7in atk\u0131 \u00f6rd\u00fc. Minik \u00f6\u011frenciler, &#8220;Her zaman yan\u0131nday\u0131m&#8221; mesaj\u0131yla dayan\u0131\u015fma ruhunu g\u00f6sterdi. Gen\u00e7lik ve Spor Bakanl\u0131\u011f\u0131 koordinasyonunda ger\u00e7ekle\u015ftirilen &#8220;Her Zaman Yan\u0131nday\u0131m, G\u00f6n\u00fcl Atk\u0131s\u0131&#8221; e-Twinning Sosyal Sorumluluk Projesi kapsam\u0131nda, depremden etkilenen \u00e7ocuklara ula\u015ft\u0131r\u0131lmak \u00fczere 15 atk\u0131 \u00f6r\u00fcld\u00fc.<\/p>\n<p>\u2018\u00c7ocuklar g\u00fclerse, d\u00fcnya g\u00fcler\u2019<br \/>\n<br \/>Ba\u011flar \u0130lk\u00f6\u011fretim Okulu Anaokulu \u00c7al\u0131\u015fkan Ar\u0131lar S\u0131n\u0131f\u0131 \u00f6\u011frencileri, \u00f6\u011fretmenleri Seher \u015eahin rehberli\u011finde yo\u011furt kovalar\u0131nda el eme\u011fiyle atk\u0131lar \u00f6rd\u00fc. Haz\u0131rlanan atk\u0131lar ve \u00e7e\u015fitli hediyeler, Malatya Ye\u015filyurt Z\u00fcbeyde Han\u0131m Anaokulu\u2019ndaki \u00e7ocuklara g\u00f6nderildi. Anaokulu \u00f6\u011fretmeni Seher \u015eahin, projeyle ilgili olarak, &#8220;\u2018\u00c7ocuklar g\u00fclerse, d\u00fcnya g\u00fcler\u2019 dedik ve 15 \u00f6\u011frencimizle birlikte heyecanla atk\u0131lar\u0131m\u0131z\u0131 \u00f6rd\u00fck. Malatya\u2019daki minik arkada\u015flar\u0131m\u0131za g\u00f6n\u00fclden bir hediye g\u00f6ndermek istedik&#8221; dedi.<\/p>\n<p>Unutulmaz bir deneyim oldu<br \/>\n<br \/>\u015eahin, 6 \u015eubat 2023\u2019te ya\u015fanan depremlerden etkilenen \u00e7ocuklar i\u00e7in ba\u015flat\u0131lan projeye T\u00fcrkiye genelinde 150 \u00f6\u011fretmenin \u00f6\u011frencileriyle birlikte kat\u0131ld\u0131\u011f\u0131n\u0131 belirterek, &#8220;\u00d6\u011frencilerimiz, atk\u0131lar\u0131n yan\u0131nda \u00e7e\u015fitli hediyeler de haz\u0131rlayarak paketledi. Hepimizi derinden etkileyen bu afette \u00e7ocuklar\u0131m\u0131z\u0131n y\u00fcz\u00fcn\u00fc g\u00fcld\u00fcrmek, onlara yaln\u0131z olmad\u0131klar\u0131n\u0131 hissettirmek en b\u00fcy\u00fck amac\u0131m\u0131zd\u0131. Proje, hem \u00e7ocuklar\u0131m\u0131z i\u00e7in hem de bizler i\u00e7in unutulmaz bir deneyim oldu&#8221; ifadelerini kulland\u0131.<\/p>\n<p>Bu projeye maddi ve manevi destek veren velilere te\u015fekk\u00fcr eden \u015eahin, yard\u0131mla\u015fma ve dayan\u0131\u015fma ruhunun bu projeyle daha da g\u00fc\u00e7lendi\u011fini s\u00f6yledi.<br \/><\/p>\n","protected":false},"excerpt":{"rendered":"<p>Isparta E\u011firdir Ba\u011flar \u0130lk ve Ortaokulu Anas\u0131n\u0131f\u0131 \u00f6\u011frencileri, Kahramanmara\u015f merkezli depremlerden etkilenen \u00e7ocuklara destek olmak amac\u0131yla &#8220;Her Zaman Yan\u0131nday\u0131m, G\u00f6n\u00fcl Atk\u0131s\u0131&#8221; projesi kapsam\u0131nda 15 atk\u0131 \u00f6rd\u00fc. \u00d6\u011fretmenleri Seher \u015eahin rehberli\u011finde yo\u011furt kovalar\u0131nda \u00f6r\u00fclen atk\u0131lar ve \u00e7e\u015fitli hediyeler, Malatya Ye\u015filyurt Z\u00fcbeyde Han\u0131m Anaokulu\u2019ndaki \u00e7ocuklara g\u00f6nderildi. Isparta\u2019n\u0131n E\u011firdir il\u00e7esinde Ba\u011flar \u0130lk ve Ortaokulu Anas\u0131n\u0131f\u0131 \u00f6\u011frencileri, Kahramanmara\u015f merkezli&#8230;<\/p>\n","protected":false},"author":1,"featured_media":16294,"comment_status":"open","ping_status":"open","sticky":false,"template":"","format":"standard","meta":{"_crdt_document":"","footnotes":""},"categories":[123],"tags":[],"class_list":["post-16293","post","type-post","status-publish","format-standard","has-post-thumbnail","hentry","category-gundem"],"_links":{"self":[{"href":"https:\/\/www.egemtv.com\/index.php?rest_route=\/wp\/v2\/posts\/16293","targetHints":{"allow":["GET"]}}],"collection":[{"href":"https:\/\/www.egemtv.com\/index.php?rest_route=\/wp\/v2\/posts"}],"about":[{"href":"https:\/\/www.egemtv.com\/index.php?rest_route=\/wp\/v2\/types\/post"}],"author":[{"embeddable":true,"href":"https:\/\/www.egemtv.com\/index.php?rest_route=\/wp\/v2\/users\/1"}],"replies":[{"embeddable":true,"href":"https:\/\/www.egemtv.com\/index.php?rest_route=%2Fwp%2Fv2%2Fcomments&post=16293"}],"version-history":[{"count":1,"href":"https:\/\/www.egemtv.com\/index.php?rest_route=\/wp\/v2\/posts\/16293\/revisions"}],"predecessor-version":[{"id":16295,"href":"https:\/\/www.egemtv.com\/index.php?rest_route=\/wp\/v2\/posts\/16293\/revisions\/16295"}],"wp:featuredmedia":[{"embeddable":true,"href":"https:\/\/www.egemtv.com\/index.php?rest_route=\/wp\/v2\/media\/16294"}],"wp:attachment":[{"href":"https:\/\/www.egemtv.com\/index.php?rest_route=%2Fwp%2Fv2%2Fmedia&parent=16293"}],"wp:term":[{"taxonomy":"category","embeddable":true,"href":"https:\/\/www.egemtv.com\/index.php?rest_route=%2Fwp%2Fv2%2Fcategories&post=16293"},{"taxonomy":"post_tag","embeddable":true,"href":"https:\/\/www.egemtv.com\/index.php?rest_route=%2Fwp%2Fv2%2Ftags&post=16293"}],"curies":[{"name":"wp","href":"https:\/\/api.w.org\/{rel}","templated":true}]}}