{"id":16290,"date":"2025-02-06T16:31:20","date_gmt":"2025-02-06T13:31:20","guid":{"rendered":"https:\/\/www.egemtv.com\/?p=16290"},"modified":"2025-02-06T16:31:28","modified_gmt":"2025-02-06T13:31:28","slug":"burdurda-6-subat-depremleri-anisina-fotograf-ve-malzeme-sergisi-acildi","status":"publish","type":"post","link":"https:\/\/www.egemtv.com\/?p=16290","title":{"rendered":"Burdur\u2019da 6 \u015eubat depremleri an\u0131s\u0131na foto\u011fraf ve malzeme sergisi a\u00e7\u0131ld\u0131"},"content":{"rendered":"<p>Burdur Valili\u011fi ve AFAD taraf\u0131ndan 6 \u015eubat depremlerinin y\u0131l d\u00f6n\u00fcm\u00fc \u00e7er\u00e7evesinde foto\u011fraf ve malzeme sergisi d\u00fczenlendi. Deprem b\u00f6lgesindeki arama kurtarma \u00e7al\u0131\u015fmalar\u0131na ait foto\u011fraflar\u0131n ve kullan\u0131lan ekipmanlar\u0131n yer ald\u0131\u011f\u0131 sergi, vatanda\u015flardan yo\u011fun ilgi g\u00f6rd\u00fc.<br \/>\n<br \/>Burdur \u0130l Afet ve Acil Durum M\u00fcd\u00fcrl\u00fc\u011f\u00fc (AFAD), 6 \u015eubat 2023\u2019te meydana gelen Kahramanmara\u015f merkezli depremlerin y\u0131l d\u00f6n\u00fcm\u00fcnde afet bilincini art\u0131rmak ve arama kurtarma faaliyetlerine dikkat \u00e7ekmek amac\u0131yla bir foto\u011fraf ve malzeme sergisi d\u00fczenledi. Sergide deprem b\u00f6lgelerinde g\u00f6rev yapan AFAD ekiplerinin \u00e7al\u0131\u015fmalar\u0131 s\u0131ras\u0131nda \u00e7ekilen foto\u011fraflar yer al\u0131rken, arama kurtarma faaliyetlerinde kullan\u0131lan ekipmanlar da ziyaret\u00e7ilere tan\u0131t\u0131ld\u0131. Depremin y\u0131k\u0131c\u0131 etkilerini g\u00f6zler \u00f6n\u00fcne seren foto\u011fraflar, afet sonras\u0131 devletin ve ekiplerin m\u00fcdahale s\u00fcrecini de detayl\u0131 bir \u015fekilde ortaya koydu.<br \/>\n<br \/>A\u00e7\u0131l\u0131\u015fta konu\u015fan Vali Baydar Bilgihan, &#8220;Deprem ger\u00e7e\u011fi ile ya\u015famak zorunday\u0131z. Bu t\u00fcr etkinlikler, afetlere kar\u015f\u0131 bilin\u00e7lenmemiz a\u00e7\u0131s\u0131ndan b\u00fcy\u00fck \u00f6nem ta\u015f\u0131yor. \u015eehirdeki yap\u0131 stokunun g\u00f6zden ge\u00e7irilmesi ve afet fark\u0131ndal\u0131\u011f\u0131n\u0131n art\u0131r\u0131lmas\u0131 i\u00e7in \u00e7al\u0131\u015fmalar\u0131m\u0131z devam edecek&#8221; ifadelerini kulland\u0131. Vali Bilgihan, meydanda bulunan TMMOB taraf\u0131ndan a\u00e7\u0131lan foto\u011fraf sergisini de ziyaret ederek, m\u00fchendislerden bilgi ald\u0131.<br \/>\n<br \/>AFAD yetkilileri, serginin afetlere kar\u015f\u0131 bilin\u00e7 olu\u015fturmak ve afet sonras\u0131 m\u00fcdahale s\u00fcre\u00e7lerine dair fark\u0131ndal\u0131k olu\u015fturmak amac\u0131yla d\u00fczenlendi\u011fini belirtti.  Ziyaret\u00e7iler AFAD personelinden malzemeler hakk\u0131nda bilgi al\u0131rken, sergide yer alan foto\u011fraflar da b\u00fcy\u00fck ilgi g\u00f6rd\u00fc.<br \/>\n<br \/>Serginin a\u00e7\u0131l\u0131\u015f\u0131na Burdur Valisi T\u00fclay Baydar Bilgihan, \u0130l Emniyet M\u00fcd\u00fcr\u00fc Ahmet Kurt, \u0130l Jandarma Komutan\u0131 K\u0131demli Albay Mehmet Balc\u0131, \u0130l AFAD M\u00fcd\u00fcr\u00fc Teymen \u015eim\u015fek, kurum m\u00fcd\u00fcrleri, AFAD g\u00f6n\u00fcll\u00fcleri ve vatanda\u015flar kat\u0131ld\u0131.<br \/><\/p>\n","protected":false},"excerpt":{"rendered":"<p>Burdur Valili\u011fi ve AFAD taraf\u0131ndan 6 \u015eubat depremlerinin y\u0131l d\u00f6n\u00fcm\u00fc \u00e7er\u00e7evesinde foto\u011fraf ve malzeme sergisi d\u00fczenlendi. Deprem b\u00f6lgesindeki arama kurtarma \u00e7al\u0131\u015fmalar\u0131na ait foto\u011fraflar\u0131n ve kullan\u0131lan ekipmanlar\u0131n yer ald\u0131\u011f\u0131 sergi, vatanda\u015flardan yo\u011fun ilgi g\u00f6rd\u00fc. Burdur \u0130l Afet ve Acil Durum M\u00fcd\u00fcrl\u00fc\u011f\u00fc (AFAD), 6 \u015eubat 2023\u2019te meydana gelen Kahramanmara\u015f merkezli depremlerin y\u0131l d\u00f6n\u00fcm\u00fcnde afet bilincini art\u0131rmak ve&#8230;<\/p>\n","protected":false},"author":1,"featured_media":16291,"comment_status":"open","ping_status":"open","sticky":false,"template":"","format":"standard","meta":{"_crdt_document":"","footnotes":""},"categories":[1],"tags":[],"class_list":["post-16290","post","type-post","status-publish","format-standard","has-post-thumbnail","hentry","category-guncel"],"_links":{"self":[{"href":"https:\/\/www.egemtv.com\/index.php?rest_route=\/wp\/v2\/posts\/16290","targetHints":{"allow":["GET"]}}],"collection":[{"href":"https:\/\/www.egemtv.com\/index.php?rest_route=\/wp\/v2\/posts"}],"about":[{"href":"https:\/\/www.egemtv.com\/index.php?rest_route=\/wp\/v2\/types\/post"}],"author":[{"embeddable":true,"href":"https:\/\/www.egemtv.com\/index.php?rest_route=\/wp\/v2\/users\/1"}],"replies":[{"embeddable":true,"href":"https:\/\/www.egemtv.com\/index.php?rest_route=%2Fwp%2Fv2%2Fcomments&post=16290"}],"version-history":[{"count":1,"href":"https:\/\/www.egemtv.com\/index.php?rest_route=\/wp\/v2\/posts\/16290\/revisions"}],"predecessor-version":[{"id":16292,"href":"https:\/\/www.egemtv.com\/index.php?rest_route=\/wp\/v2\/posts\/16290\/revisions\/16292"}],"wp:featuredmedia":[{"embeddable":true,"href":"https:\/\/www.egemtv.com\/index.php?rest_route=\/wp\/v2\/media\/16291"}],"wp:attachment":[{"href":"https:\/\/www.egemtv.com\/index.php?rest_route=%2Fwp%2Fv2%2Fmedia&parent=16290"}],"wp:term":[{"taxonomy":"category","embeddable":true,"href":"https:\/\/www.egemtv.com\/index.php?rest_route=%2Fwp%2Fv2%2Fcategories&post=16290"},{"taxonomy":"post_tag","embeddable":true,"href":"https:\/\/www.egemtv.com\/index.php?rest_route=%2Fwp%2Fv2%2Ftags&post=16290"}],"curies":[{"name":"wp","href":"https:\/\/api.w.org\/{rel}","templated":true}]}}