{"id":16287,"date":"2025-02-06T16:14:12","date_gmt":"2025-02-06T13:14:12","guid":{"rendered":"https:\/\/www.egemtv.com\/?p=16287"},"modified":"2025-02-06T16:14:17","modified_gmt":"2025-02-06T13:14:17","slug":"efelerin-meclisinde-sehitlere-saygi-durusunda-bulunuldu","status":"publish","type":"post","link":"https:\/\/www.egemtv.com\/?p=16287","title":{"rendered":"Efeler\u2019in meclisinde \u015eehitlere Sayg\u0131 Duru\u015fu\u2019nda bulunuldu"},"content":{"rendered":"<p>Efeler Belediyesi\u2019nin \u015eubat ay\u0131 meclis toplant\u0131s\u0131n\u0131n ikinci oturumunda, Ayd\u0131nl\u0131 \u015fehit Binba\u015f\u0131 Murat Kemal Yeti\u015fen ve 6 \u015eubat Depremleri\u2019nde ya\u015fam\u0131n\u0131 yitiren vatanda\u015flar\u0131n an\u0131s\u0131na bir dakikal\u0131k sayg\u0131 duru\u015funda bulunuldu.<\/p>\n<p>Efeler Belediyesi\u2019nin \u015eubat ay\u0131 meclis toplant\u0131s\u0131n\u0131n ikinci oturumu ger\u00e7ekle\u015ftirildi. Toplant\u0131da konu\u015fan Ba\u015fkan Yeti\u015fkin, Pen\u00e7e Kilit Operasyonu b\u00f6lgesinde \u015fehit olan Ayd\u0131nl\u0131 Binba\u015f\u0131 Murat Kemal Yeti\u015fen\u2019in \u015fehadet haberi nedeniyle b\u00fcy\u00fck bir \u00fcz\u00fcnt\u00fc ya\u015fad\u0131\u011f\u0131n\u0131 ifade etti.<\/p>\n<p>Konu\u015fmas\u0131n\u0131 \u015fu s\u00f6zlerle s\u00fcrd\u00fcren Ba\u015fkan Yeti\u015fkin, &#8220;\u015eehidimizi son yolculu\u011funa u\u011furlamak ad\u0131na 16.00\u2019da ger\u00e7ekle\u015ftirmeyi planlad\u0131\u011f\u0131m\u0131z meclis toplant\u0131m\u0131z\u0131 15.00\u2019a ald\u0131k. Bunun yan\u0131nda, 2 y\u0131l \u00f6nce 11 ilimizi etkileyen depremlerde on binlerce vatanda\u015f\u0131m\u0131z hayat\u0131n\u0131 kaybetti. Ac\u0131m\u0131z \u00e7ok b\u00fcy\u00fck. Hem Ayd\u0131nl\u0131 \u015fehidimiz hem de depremde aram\u0131zdan ayr\u0131lan canlar\u0131m\u0131za bir kez daha Allah\u2019tan rahmet, yak\u0131nlar\u0131na sab\u0131r ve milletimize ba\u015f sa\u011fl\u0131\u011f\u0131 dilerim&#8221; dedi. Ba\u015fkan Yeti\u015fkin, konu\u015fmas\u0131n\u0131n ard\u0131ndan t\u00fcm meclis \u00fcyelerini sayg\u0131 duru\u015funa davet etti.<\/p>\n<p>Bu \u00e7a\u011fr\u0131 \u00fczerine Efeler Belediyesi\u2019nin meclis toplant\u0131s\u0131nda sayg\u0131 duru\u015funda bulunuldu. Daha sonra g\u00fcndemdeki konular g\u00f6r\u00fc\u015f\u00fcl\u00fcp karara ba\u011fland\u0131.<br \/><\/p>\n","protected":false},"excerpt":{"rendered":"<p>Efeler Belediyesi\u2019nin \u015eubat ay\u0131 meclis toplant\u0131s\u0131n\u0131n ikinci oturumunda, Ayd\u0131nl\u0131 \u015fehit Binba\u015f\u0131 Murat Kemal Yeti\u015fen ve 6 \u015eubat Depremleri\u2019nde ya\u015fam\u0131n\u0131 yitiren vatanda\u015flar\u0131n an\u0131s\u0131na bir dakikal\u0131k sayg\u0131 duru\u015funda bulunuldu. Efeler Belediyesi\u2019nin \u015eubat ay\u0131 meclis toplant\u0131s\u0131n\u0131n ikinci oturumu ger\u00e7ekle\u015ftirildi. Toplant\u0131da konu\u015fan Ba\u015fkan Yeti\u015fkin, Pen\u00e7e Kilit Operasyonu b\u00f6lgesinde \u015fehit olan Ayd\u0131nl\u0131 Binba\u015f\u0131 Murat Kemal Yeti\u015fen\u2019in \u015fehadet haberi nedeniyle b\u00fcy\u00fck&#8230;<\/p>\n","protected":false},"author":1,"featured_media":16288,"comment_status":"open","ping_status":"open","sticky":false,"template":"","format":"standard","meta":{"_crdt_document":"","footnotes":""},"categories":[1],"tags":[],"class_list":["post-16287","post","type-post","status-publish","format-standard","has-post-thumbnail","hentry","category-guncel"],"_links":{"self":[{"href":"https:\/\/www.egemtv.com\/index.php?rest_route=\/wp\/v2\/posts\/16287","targetHints":{"allow":["GET"]}}],"collection":[{"href":"https:\/\/www.egemtv.com\/index.php?rest_route=\/wp\/v2\/posts"}],"about":[{"href":"https:\/\/www.egemtv.com\/index.php?rest_route=\/wp\/v2\/types\/post"}],"author":[{"embeddable":true,"href":"https:\/\/www.egemtv.com\/index.php?rest_route=\/wp\/v2\/users\/1"}],"replies":[{"embeddable":true,"href":"https:\/\/www.egemtv.com\/index.php?rest_route=%2Fwp%2Fv2%2Fcomments&post=16287"}],"version-history":[{"count":1,"href":"https:\/\/www.egemtv.com\/index.php?rest_route=\/wp\/v2\/posts\/16287\/revisions"}],"predecessor-version":[{"id":16289,"href":"https:\/\/www.egemtv.com\/index.php?rest_route=\/wp\/v2\/posts\/16287\/revisions\/16289"}],"wp:featuredmedia":[{"embeddable":true,"href":"https:\/\/www.egemtv.com\/index.php?rest_route=\/wp\/v2\/media\/16288"}],"wp:attachment":[{"href":"https:\/\/www.egemtv.com\/index.php?rest_route=%2Fwp%2Fv2%2Fmedia&parent=16287"}],"wp:term":[{"taxonomy":"category","embeddable":true,"href":"https:\/\/www.egemtv.com\/index.php?rest_route=%2Fwp%2Fv2%2Fcategories&post=16287"},{"taxonomy":"post_tag","embeddable":true,"href":"https:\/\/www.egemtv.com\/index.php?rest_route=%2Fwp%2Fv2%2Ftags&post=16287"}],"curies":[{"name":"wp","href":"https:\/\/api.w.org\/{rel}","templated":true}]}}