{"id":16284,"date":"2025-02-06T16:14:07","date_gmt":"2025-02-06T13:14:07","guid":{"rendered":"https:\/\/www.egemtv.com\/?p=16284"},"modified":"2025-02-06T16:14:12","modified_gmt":"2025-02-06T13:14:12","slug":"halk-egitim-kursiyerleri-depremde-hayatini-kaybedenler-icin-hayir-yapti","status":"publish","type":"post","link":"https:\/\/www.egemtv.com\/?p=16284","title":{"rendered":"Halk E\u011fitim kursiyerleri, depremde hayat\u0131n\u0131 kaybedenler i\u00e7in hay\u0131r yapt\u0131"},"content":{"rendered":"<p>\u0130zmir\u2019de Halk E\u011fitim Merkezi kursiyerleri, 6 \u015eubat 2023\u2019teki depremde hayat\u0131n\u0131 kaybeden vatanda\u015flar i\u00e7in kendi aralar\u0131nda temin ettikleri malzemelerle pi\u015fi yapt\u0131. G\u00f6n\u00fcll\u00fcl\u00fck esas\u0131yla haz\u0131rlanan pi\u015filer \u00e7evredeki vatanda\u015flara da\u011f\u0131t\u0131ld\u0131.<br \/>\n<br \/>\u0130zmir Bornova Halk E\u011fitimi Merkezi kursiyerleri, 6 \u015eubat 2023 tarihinde Kahramanmara\u015f\u2019\u0131n Pazarc\u0131k il\u00e7esinde meydana gelen ve toplamda 11 ili etkileyen, 7.7 ve 7.6 b\u00fcy\u00fckl\u00fc\u011f\u00fcndeki depremde hayat\u0131n\u0131 kaybedenler i\u00e7in pi\u015fi yapt\u0131. G\u00f6n\u00fcll\u00fcl\u00fck esasl\u0131 temin edilen malzemelerle haz\u0131rlanan pi\u015filer, \u00e7evredeki vatanda\u015flara ve kursiyerlere da\u011f\u0131t\u0131ld\u0131. Program sonunda depremde hayat\u0131n\u0131 kaybedenler i\u00e7in dua edildi.<\/p>\n<p>&#8220;Halk\u0131m\u0131z\u0131n birlikteli\u011fi her zaman g\u00fc\u00e7l\u00fcd\u00fcr&#8221;<br \/>\n<br \/>Bornova Halk E\u011fitimi Merkezi M\u00fcd\u00fcr\u00fc Yeliz \u00dcnal, &#8220;6 \u015eubat\u2019ta ya\u015fanan b\u00fcy\u00fck felaketin ard\u0131ndan kaybetti\u011fimiz canlar i\u00e7in halk\u0131m\u0131z\u0131n ac\u0131s\u0131n\u0131 bir nebze olsun hafifletmek istedik. Bir araya gelerek pi\u015fi haz\u0131rlad\u0131k. Hem ac\u0131lar\u0131m\u0131z\u0131 payla\u015fmak hem de depremzedelere olan deste\u011fimizi g\u00f6stermek i\u00e7in bir ad\u0131m att\u0131k. Bu t\u00fcr anlaml\u0131 etkinlikler, bizlerin toplum olarak birlikteli\u011fini ve dayan\u0131\u015fmas\u0131n\u0131 art\u0131r\u0131yor. Kursiyerlerimizle birlikte omuz omuza verdik, dayan\u0131\u015fman\u0131n g\u00fcc\u00fcn\u00fc bir kez daha hissettik&#8221; dedi.<\/p>\n<p>&#8220;Ac\u0131y\u0131 hafifletmek ad\u0131na bir ad\u0131m att\u0131k&#8221;<br \/>\n<br \/>Etkinlik koordinat\u00f6rlerinden e\u011fitmen Serap Kahveci ise pi\u015fi da\u011f\u0131t\u0131m\u0131n\u0131n kursiyerler aras\u0131nda b\u00fcy\u00fck bir dayan\u0131\u015fma ortam\u0131 olu\u015fturdu\u011funu belirterek, &#8220;Bu t\u00fcr etkinlikler, kursiyerlerimizin sadece e\u011fitimle de\u011fil, ayn\u0131 zamanda toplumsal sorumluluk bilinciyle de bir araya geldi\u011fi zaman ne kadar g\u00fc\u00e7l\u00fc olunabilece\u011fini g\u00f6steriyor. Kursiyerlerimiz, sadece birbirlerine de\u011fil, t\u00fcm Bornova halk\u0131na yard\u0131m eli uzatmak i\u00e7in \u00e7aba harcad\u0131. Depremde kaybetti\u011fimiz canlar i\u00e7in dua ettik ve hep birlikte ac\u0131y\u0131 hafifletmek ad\u0131na bir ad\u0131m att\u0131k&#8221; ifadelerine yer verdi.<br \/>\n<br \/>\u00c7evredeki vatanda\u015flar da etkinli\u011fin hay\u0131r i\u015flemekten \u00e7ok, depremzedelere duyulan sayg\u0131 ve ba\u011fl\u0131l\u0131\u011f\u0131n bir g\u00f6stergesi oldu\u011funu belirtti.<br \/><\/p>\n","protected":false},"excerpt":{"rendered":"<p>\u0130zmir\u2019de Halk E\u011fitim Merkezi kursiyerleri, 6 \u015eubat 2023\u2019teki depremde hayat\u0131n\u0131 kaybeden vatanda\u015flar i\u00e7in kendi aralar\u0131nda temin ettikleri malzemelerle pi\u015fi yapt\u0131. G\u00f6n\u00fcll\u00fcl\u00fck esas\u0131yla haz\u0131rlanan pi\u015filer \u00e7evredeki vatanda\u015flara da\u011f\u0131t\u0131ld\u0131. \u0130zmir Bornova Halk E\u011fitimi Merkezi kursiyerleri, 6 \u015eubat 2023 tarihinde Kahramanmara\u015f\u2019\u0131n Pazarc\u0131k il\u00e7esinde meydana gelen ve toplamda 11 ili etkileyen, 7.7 ve 7.6 b\u00fcy\u00fckl\u00fc\u011f\u00fcndeki depremde hayat\u0131n\u0131 kaybedenler i\u00e7in&#8230;<\/p>\n","protected":false},"author":1,"featured_media":16285,"comment_status":"open","ping_status":"open","sticky":false,"template":"","format":"standard","meta":{"_crdt_document":"","footnotes":""},"categories":[1],"tags":[],"class_list":["post-16284","post","type-post","status-publish","format-standard","has-post-thumbnail","hentry","category-guncel"],"_links":{"self":[{"href":"https:\/\/www.egemtv.com\/index.php?rest_route=\/wp\/v2\/posts\/16284","targetHints":{"allow":["GET"]}}],"collection":[{"href":"https:\/\/www.egemtv.com\/index.php?rest_route=\/wp\/v2\/posts"}],"about":[{"href":"https:\/\/www.egemtv.com\/index.php?rest_route=\/wp\/v2\/types\/post"}],"author":[{"embeddable":true,"href":"https:\/\/www.egemtv.com\/index.php?rest_route=\/wp\/v2\/users\/1"}],"replies":[{"embeddable":true,"href":"https:\/\/www.egemtv.com\/index.php?rest_route=%2Fwp%2Fv2%2Fcomments&post=16284"}],"version-history":[{"count":1,"href":"https:\/\/www.egemtv.com\/index.php?rest_route=\/wp\/v2\/posts\/16284\/revisions"}],"predecessor-version":[{"id":16286,"href":"https:\/\/www.egemtv.com\/index.php?rest_route=\/wp\/v2\/posts\/16284\/revisions\/16286"}],"wp:featuredmedia":[{"embeddable":true,"href":"https:\/\/www.egemtv.com\/index.php?rest_route=\/wp\/v2\/media\/16285"}],"wp:attachment":[{"href":"https:\/\/www.egemtv.com\/index.php?rest_route=%2Fwp%2Fv2%2Fmedia&parent=16284"}],"wp:term":[{"taxonomy":"category","embeddable":true,"href":"https:\/\/www.egemtv.com\/index.php?rest_route=%2Fwp%2Fv2%2Fcategories&post=16284"},{"taxonomy":"post_tag","embeddable":true,"href":"https:\/\/www.egemtv.com\/index.php?rest_route=%2Fwp%2Fv2%2Ftags&post=16284"}],"curies":[{"name":"wp","href":"https:\/\/api.w.org\/{rel}","templated":true}]}}