{"id":16281,"date":"2025-02-06T16:11:20","date_gmt":"2025-02-06T13:11:20","guid":{"rendered":"https:\/\/www.egemtv.com\/?p=16281"},"modified":"2025-02-06T16:11:25","modified_gmt":"2025-02-06T13:11:25","slug":"burdurda-8-uyusturucu-suphelisi-tutuklandi","status":"publish","type":"post","link":"https:\/\/www.egemtv.com\/?p=16281","title":{"rendered":"Burdur\u2019da 8 uyu\u015fturucu \u015f\u00fcphelisi tutukland\u0131"},"content":{"rendered":"<p>Burdur \u0130l Emniyet M\u00fcd\u00fcrl\u00fc\u011f\u00fc ekipleri taraf\u0131ndan 1 Ekim-20 Ocak tarihleri aras\u0131nda yap\u0131lan \u00e7al\u0131\u015fmalar sonras\u0131nda d\u00fczenlenen operasyonda \u00e7ok say\u0131da uyu\u015fturucu madde ele ge\u00e7irilirken adli mercilere sevk edilen 10 \u015f\u00fcpheliden 8\u2019i tutukland\u0131.<br \/>\n<br \/>Burdur \u0130l Emniyet M\u00fcd\u00fcrl\u00fc\u011f\u00fc ekipleri taraf\u0131ndan 1 Ekim-20 Ocak tarihleri aras\u0131nda \u0130l merkezinde ve Bucak il\u00e7esinde yap\u0131lan \u00e7al\u0131\u015fmalar neticesinde d\u00fczenlenen operasyonlarda g\u00f6zalt\u0131na al\u0131nan 10 \u015f\u00fcpheli \u015fahsa uyu\u015fturucu veya uyar\u0131c\u0131 madde imal ve ticareti su\u00e7undan adli i\u015flem yap\u0131larak ve adli mercilere sevk edildi. Adliyeye sevk edilen 10 \u015f\u00fcpheliden 8\u2019i \u00e7\u0131kar\u0131ld\u0131\u011f\u0131 mahkemece tutuklanarak cezaevine g\u00f6nderildi.<br \/>\n<br \/>Yap\u0131lan operasyonlarda 3.07 gram eroin, 15 adet sentetik ecza, 9.99 gram metamfetamin, \u00e7ok say\u0131da uyu\u015fturucu madde kullan\u0131m\u0131na yarayan aparat, 3 bin 900 kullan\u0131ml\u0131k sentetik kannabinoid enjekte edilmi\u015f k\u00e2\u011f\u0131t par\u00e7alar\u0131, uyu\u015fturucu madde ticaretinden elde edildi\u011fi de\u011ferlendirilen 37 bin 950 TL ele ge\u00e7irildi.<br \/><\/p>\n","protected":false},"excerpt":{"rendered":"<p>Burdur \u0130l Emniyet M\u00fcd\u00fcrl\u00fc\u011f\u00fc ekipleri taraf\u0131ndan 1 Ekim-20 Ocak tarihleri aras\u0131nda yap\u0131lan \u00e7al\u0131\u015fmalar sonras\u0131nda d\u00fczenlenen operasyonda \u00e7ok say\u0131da uyu\u015fturucu madde ele ge\u00e7irilirken adli mercilere sevk edilen 10 \u015f\u00fcpheliden 8\u2019i tutukland\u0131. Burdur \u0130l Emniyet M\u00fcd\u00fcrl\u00fc\u011f\u00fc ekipleri taraf\u0131ndan 1 Ekim-20 Ocak tarihleri aras\u0131nda \u0130l merkezinde ve Bucak il\u00e7esinde yap\u0131lan \u00e7al\u0131\u015fmalar neticesinde d\u00fczenlenen operasyonlarda g\u00f6zalt\u0131na al\u0131nan 10 \u015f\u00fcpheli&#8230;<\/p>\n","protected":false},"author":1,"featured_media":16282,"comment_status":"open","ping_status":"open","sticky":false,"template":"","format":"standard","meta":{"_crdt_document":"","footnotes":""},"categories":[5],"tags":[],"class_list":["post-16281","post","type-post","status-publish","format-standard","has-post-thumbnail","hentry","category-asayis"],"_links":{"self":[{"href":"https:\/\/www.egemtv.com\/index.php?rest_route=\/wp\/v2\/posts\/16281","targetHints":{"allow":["GET"]}}],"collection":[{"href":"https:\/\/www.egemtv.com\/index.php?rest_route=\/wp\/v2\/posts"}],"about":[{"href":"https:\/\/www.egemtv.com\/index.php?rest_route=\/wp\/v2\/types\/post"}],"author":[{"embeddable":true,"href":"https:\/\/www.egemtv.com\/index.php?rest_route=\/wp\/v2\/users\/1"}],"replies":[{"embeddable":true,"href":"https:\/\/www.egemtv.com\/index.php?rest_route=%2Fwp%2Fv2%2Fcomments&post=16281"}],"version-history":[{"count":1,"href":"https:\/\/www.egemtv.com\/index.php?rest_route=\/wp\/v2\/posts\/16281\/revisions"}],"predecessor-version":[{"id":16283,"href":"https:\/\/www.egemtv.com\/index.php?rest_route=\/wp\/v2\/posts\/16281\/revisions\/16283"}],"wp:featuredmedia":[{"embeddable":true,"href":"https:\/\/www.egemtv.com\/index.php?rest_route=\/wp\/v2\/media\/16282"}],"wp:attachment":[{"href":"https:\/\/www.egemtv.com\/index.php?rest_route=%2Fwp%2Fv2%2Fmedia&parent=16281"}],"wp:term":[{"taxonomy":"category","embeddable":true,"href":"https:\/\/www.egemtv.com\/index.php?rest_route=%2Fwp%2Fv2%2Fcategories&post=16281"},{"taxonomy":"post_tag","embeddable":true,"href":"https:\/\/www.egemtv.com\/index.php?rest_route=%2Fwp%2Fv2%2Ftags&post=16281"}],"curies":[{"name":"wp","href":"https:\/\/api.w.org\/{rel}","templated":true}]}}