{"id":16275,"date":"2025-02-06T15:39:53","date_gmt":"2025-02-06T12:39:53","guid":{"rendered":"https:\/\/www.egemtv.com\/?p=16275"},"modified":"2025-02-06T15:39:58","modified_gmt":"2025-02-06T12:39:58","slug":"buyuksehir-6-subatin-yildonumunde-helva-hayri-yapti","status":"publish","type":"post","link":"https:\/\/www.egemtv.com\/?p=16275","title":{"rendered":"B\u00fcy\u00fck\u015fehir, 6 \u015eubat\u2019\u0131n y\u0131ld\u00f6n\u00fcm\u00fcnde helva hayr\u0131 yapt\u0131"},"content":{"rendered":"<p>Ayd\u0131n B\u00fcy\u00fck\u015fehir Belediyesi 6 \u015eubat Kahramanmara\u015f depremleri anma y\u0131ld\u00f6n\u00fcm\u00fcnde helva hayr\u0131 ger\u00e7ekle\u015ftirdi.<\/p>\n<p>Ayd\u0131n B\u00fcy\u00fck\u015fehir Belediyesi, 6 \u015eubat Kahramanmara\u015f depremlerinin y\u0131l d\u00f6n\u00fcm\u00fcnde binlerce vatanda\u015fa helva hayr\u0131 yapt\u0131. Ger\u00e7ekle\u015ftirilen helva hayr\u0131nda vatanda\u015flar, depremde hayat\u0131n\u0131 kaybedenler i\u00e7in dualar ederken, duyarl\u0131l\u0131\u011f\u0131ndan dolay\u0131 Ba\u015fkan \u00c7er\u00e7io\u011flu\u2019na te\u015fekk\u00fcr etti.<\/p>\n<p>Hayr\u0131n 6 \u015eubat Kahramanmara\u015f depremleri i\u00e7in yap\u0131ld\u0131\u011f\u0131n\u0131 belirten Ba\u015fkan \u00c7er\u00e7io\u011flu, \u2018\u2018Hayat\u0131n\u0131 kaybeden t\u00fcm vatanda\u015flar\u0131m\u0131z\u0131 rahmetle an\u0131yor, benzer ac\u0131lar\u0131n bir daha ya\u015fanmamas\u0131 temenni ediyorum&#8221; dedi.<br \/><\/p>\n","protected":false},"excerpt":{"rendered":"<p>Ayd\u0131n B\u00fcy\u00fck\u015fehir Belediyesi 6 \u015eubat Kahramanmara\u015f depremleri anma y\u0131ld\u00f6n\u00fcm\u00fcnde helva hayr\u0131 ger\u00e7ekle\u015ftirdi. Ayd\u0131n B\u00fcy\u00fck\u015fehir Belediyesi, 6 \u015eubat Kahramanmara\u015f depremlerinin y\u0131l d\u00f6n\u00fcm\u00fcnde binlerce vatanda\u015fa helva hayr\u0131 yapt\u0131. Ger\u00e7ekle\u015ftirilen helva hayr\u0131nda vatanda\u015flar, depremde hayat\u0131n\u0131 kaybedenler i\u00e7in dualar ederken, duyarl\u0131l\u0131\u011f\u0131ndan dolay\u0131 Ba\u015fkan \u00c7er\u00e7io\u011flu\u2019na te\u015fekk\u00fcr etti. Hayr\u0131n 6 \u015eubat Kahramanmara\u015f depremleri i\u00e7in yap\u0131ld\u0131\u011f\u0131n\u0131 belirten Ba\u015fkan \u00c7er\u00e7io\u011flu, \u2018\u2018Hayat\u0131n\u0131 kaybeden t\u00fcm&#8230;<\/p>\n","protected":false},"author":1,"featured_media":16276,"comment_status":"open","ping_status":"open","sticky":false,"template":"","format":"standard","meta":{"_crdt_document":"","footnotes":""},"categories":[1],"tags":[],"class_list":["post-16275","post","type-post","status-publish","format-standard","has-post-thumbnail","hentry","category-guncel"],"_links":{"self":[{"href":"https:\/\/www.egemtv.com\/index.php?rest_route=\/wp\/v2\/posts\/16275","targetHints":{"allow":["GET"]}}],"collection":[{"href":"https:\/\/www.egemtv.com\/index.php?rest_route=\/wp\/v2\/posts"}],"about":[{"href":"https:\/\/www.egemtv.com\/index.php?rest_route=\/wp\/v2\/types\/post"}],"author":[{"embeddable":true,"href":"https:\/\/www.egemtv.com\/index.php?rest_route=\/wp\/v2\/users\/1"}],"replies":[{"embeddable":true,"href":"https:\/\/www.egemtv.com\/index.php?rest_route=%2Fwp%2Fv2%2Fcomments&post=16275"}],"version-history":[{"count":1,"href":"https:\/\/www.egemtv.com\/index.php?rest_route=\/wp\/v2\/posts\/16275\/revisions"}],"predecessor-version":[{"id":16277,"href":"https:\/\/www.egemtv.com\/index.php?rest_route=\/wp\/v2\/posts\/16275\/revisions\/16277"}],"wp:featuredmedia":[{"embeddable":true,"href":"https:\/\/www.egemtv.com\/index.php?rest_route=\/wp\/v2\/media\/16276"}],"wp:attachment":[{"href":"https:\/\/www.egemtv.com\/index.php?rest_route=%2Fwp%2Fv2%2Fmedia&parent=16275"}],"wp:term":[{"taxonomy":"category","embeddable":true,"href":"https:\/\/www.egemtv.com\/index.php?rest_route=%2Fwp%2Fv2%2Fcategories&post=16275"},{"taxonomy":"post_tag","embeddable":true,"href":"https:\/\/www.egemtv.com\/index.php?rest_route=%2Fwp%2Fv2%2Ftags&post=16275"}],"curies":[{"name":"wp","href":"https:\/\/api.w.org\/{rel}","templated":true}]}}