{"id":16272,"date":"2025-02-06T15:39:47","date_gmt":"2025-02-06T12:39:47","guid":{"rendered":"https:\/\/www.egemtv.com\/?p=16272"},"modified":"2025-02-06T15:39:53","modified_gmt":"2025-02-06T12:39:53","slug":"demircide-altyapi-calismalarinin-yuzde-96si-tamamlandi","status":"publish","type":"post","link":"https:\/\/www.egemtv.com\/?p=16272","title":{"rendered":"Demirci\u2019de altyap\u0131 \u00e7al\u0131\u015fmalar\u0131n\u0131n y\u00fczde 96\u2019s\u0131 tamamland\u0131"},"content":{"rendered":"<p>Manisa Su ve Kanalizasyon \u0130daresi (MASK\u0130) Genel M\u00fcd\u00fcr\u00fc Talat Postac\u0131, Demirci il\u00e7e merkezinde s\u00fcrd\u00fcr\u00fclen alt yap\u0131 \u00e7al\u0131\u015fmalar\u0131n\u0131 yerinde inceleyerek, proje ilerleyi\u015fi hakk\u0131nda bilgi verdi. Postac\u0131, \u00e7al\u0131\u015fmalar\u0131n\u0131n y\u00fczde 96\u2019s\u0131n\u0131n tamamland\u0131\u011f\u0131n\u0131 belirterek kalan b\u00f6l\u00fcm\u00fcn de k\u0131sa s\u00fcrede bitirilerek \u00fcst yap\u0131 \u00e7al\u0131\u015fmalar\u0131na ba\u015flanaca\u011f\u0131n\u0131 ifade etti.<br \/>\n<br \/>MASK\u0130 Genel M\u00fcd\u00fcrl\u00fc\u011f\u00fc, Manisa B\u00fcy\u00fck\u015fehir Belediye Ba\u015fkan\u0131 Ferdi Zeyrek\u2019in \u00f6nc\u00fcl\u00fc\u011f\u00fcnde, kent genelinde alt yap\u0131y\u0131 modern ve dayan\u0131kl\u0131 hale getirmek i\u00e7in yat\u0131r\u0131mlar\u0131na devam ediyor. Demirci il\u00e7e merkezinde y\u00fcr\u00fct\u00fclen alt yap\u0131 \u00e7al\u0131\u015fmalar\u0131nda da sona gelindi. MASK\u0130 Genel M\u00fcd\u00fcr Talat Postac\u0131, B\u00fcy\u00fck\u015fehir Belediyesi Demirci Koordinat\u00f6r\u00fc Melih Kuru ve teknik ekip ile birlikte il\u00e7ede incelemelerde bulundu. \u0130l\u00e7e ziyaretinde esnaf ve vatanda\u015flarla da bir araya gelen Postac\u0131, y\u00fcr\u00fct\u00fclen 155 kilometrelik i\u00e7me suyu ve kanalizasyon hatt\u0131 d\u00f6\u015feme \u00e7al\u0131\u015fmalar\u0131nda sona gelindi\u011fini m\u00fcjdeledi. At\u0131k su ar\u0131tma tesisi in\u015faat\u0131n\u0131n t\u00fcm imalatlar\u0131n\u0131n tamamland\u0131\u011f\u0131n\u0131 da aktaran Postac\u0131, tesisin \u015eubat ay\u0131 sonunda faaliyete ge\u00e7irilmesinin planland\u0131\u011f\u0131n\u0131 s\u00f6yledi.<\/p>\n<p>Demirci Belediyesine ziyaret<br \/>\n<br \/>MASK\u0130 Genel M\u00fcd\u00fcr\u00fc Talat Postac\u0131, Demirci Belediye Ba\u015fkan\u0131 Erkan Kara\u2019y\u0131 da makam\u0131nda ziyaret etti. G\u00f6r\u00fc\u015fmeye, Belediye Ba\u015fkan Yard\u0131mc\u0131s\u0131 \u0130smail Hakk\u0131 G\u00fcl, B\u00fcy\u00fck\u015fehir Belediyesi Meclis \u00dcyesi Mustafa G\u00fcl ve B\u00fcy\u00fck\u015fehir Belediyesi Demirci Koordinat\u00f6r\u00fc Melih Kuru da kat\u0131ld\u0131. Ziyarette, il\u00e7ede devam eden alt yap\u0131 ve \u00fcst yap\u0131 yat\u0131r\u0131mlar\u0131 ele al\u0131nd\u0131. Belediye Ba\u015fkan\u0131 Erkan Kara, Manisa B\u00fcy\u00fck\u015fehir Belediyesi ile uyum i\u00e7inde \u00e7al\u0131\u015ft\u0131klar\u0131n\u0131 belirterek, &#8220;\u0130l\u00e7emizin altyap\u0131 \u00e7al\u0131\u015fmalar\u0131nda art\u0131k son a\u015famaya geldik. B\u00fcy\u00fck\u015fehir Belediyemiz \u00fcst yap\u0131 i\u00e7in bit\u00fcm ve kilit parke ta\u015f deste\u011fi verecek. Bu \u00f6nemli projeyi el birli\u011fiyle tamamlayaca\u011f\u0131z. Demirci, uzun y\u0131llar alt yap\u0131 sorunu ya\u015famayacak. MASK\u0130 Genel M\u00fcd\u00fcr\u00fc Say\u0131n Talat Postac\u0131\u2019ya ziyaretleri ve destekleri i\u00e7in te\u015fekk\u00fcr ediyorum&#8221; dedi.<\/p>\n<p>&#8220;Demirci modern bir g\u00f6r\u00fcn\u00fcme kavu\u015facak&#8221;<br \/>\n<br \/>MASK\u0130 Genel M\u00fcd\u00fcr\u00fc Talat Postac\u0131, yap\u0131lan yat\u0131r\u0131mlar\u0131n Demirci i\u00e7in b\u00fcy\u00fck \u00f6nem ta\u015f\u0131d\u0131\u011f\u0131n\u0131 vurgulayarak, &#8220;B\u00fcy\u00fck\u015fehir Belediye Ba\u015fkan\u0131m\u0131z Say\u0131n Ferdi Zeyrek\u2019in talimatlar\u0131yla burada yap\u0131lan alt yap\u0131 imalatlar\u0131n\u0131 yerinde inceledik. \u0130malatlar\u0131m\u0131z\u0131n y\u00fczde 96\u2019l\u0131k b\u00f6l\u00fcm\u00fc tamamland\u0131. B\u00fcy\u00fck\u015fehir Belediyemiz Fen \u0130\u015fleri Dairesi Ba\u015fkanl\u0131\u011f\u0131 \u00f6n\u00fcm\u00fczdeki aylarda \u00fcst yap\u0131y\u0131 da tamamlad\u0131ktan sonra Demirci il\u00e7emiz daha modern bir g\u00f6r\u00fcn\u00fcme kavu\u015facak. Demirci, alt yap\u0131s\u0131yla \u00fcst yap\u0131s\u0131yla \u00e7ok g\u00fczel bir konuma gelecek. \u0130malatlar\u0131m\u0131z son derece ba\u015far\u0131l\u0131. Yerinde yapt\u0131\u011f\u0131m\u0131z tespitlerde herhangi bir problemle kar\u015f\u0131la\u015fmad\u0131k. Birka\u00e7 ay i\u00e7erisinde geriye kalan y\u00fczde 4\u2019l\u00fck k\u0131sm\u0131 tamamlayaca\u011f\u0131z. Zor bir \u00e7al\u0131\u015fma ama Manisa i\u00e7in \u00e7ok gerekli. Demirci il\u00e7emizdeki bu projede 2 bin 500 adet bran\u015fman ba\u011flant\u0131s\u0131n\u0131 tamamlad\u0131k. Geriye kalan 2 bin 500 bran\u015fman ba\u011flant\u0131s\u0131 i\u00e7in de k\u0131sa bir s\u00fcre i\u00e7erisinde ihale yap\u0131p, teslim edece\u011fiz. Projenin son b\u00f6l\u00fcm\u00fcne geldi\u011fimiz bu g\u00fcnlerde Demircili vatanda\u015flar\u0131m\u0131zdan biraz daha sab\u0131r g\u00f6stermelerini diliyoruz&#8221; diye konu\u015ftu.<br \/><\/p>\n","protected":false},"excerpt":{"rendered":"<p>Manisa Su ve Kanalizasyon \u0130daresi (MASK\u0130) Genel M\u00fcd\u00fcr\u00fc Talat Postac\u0131, Demirci il\u00e7e merkezinde s\u00fcrd\u00fcr\u00fclen alt yap\u0131 \u00e7al\u0131\u015fmalar\u0131n\u0131 yerinde inceleyerek, proje ilerleyi\u015fi hakk\u0131nda bilgi verdi. Postac\u0131, \u00e7al\u0131\u015fmalar\u0131n\u0131n y\u00fczde 96\u2019s\u0131n\u0131n tamamland\u0131\u011f\u0131n\u0131 belirterek kalan b\u00f6l\u00fcm\u00fcn de k\u0131sa s\u00fcrede bitirilerek \u00fcst yap\u0131 \u00e7al\u0131\u015fmalar\u0131na ba\u015flanaca\u011f\u0131n\u0131 ifade etti. MASK\u0130 Genel M\u00fcd\u00fcrl\u00fc\u011f\u00fc, Manisa B\u00fcy\u00fck\u015fehir Belediye Ba\u015fkan\u0131 Ferdi Zeyrek\u2019in \u00f6nc\u00fcl\u00fc\u011f\u00fcnde, kent genelinde alt&#8230;<\/p>\n","protected":false},"author":1,"featured_media":16273,"comment_status":"open","ping_status":"open","sticky":false,"template":"","format":"standard","meta":{"_crdt_document":"","footnotes":""},"categories":[125],"tags":[],"class_list":["post-16272","post","type-post","status-publish","format-standard","has-post-thumbnail","hentry","category-ekonomi"],"_links":{"self":[{"href":"https:\/\/www.egemtv.com\/index.php?rest_route=\/wp\/v2\/posts\/16272","targetHints":{"allow":["GET"]}}],"collection":[{"href":"https:\/\/www.egemtv.com\/index.php?rest_route=\/wp\/v2\/posts"}],"about":[{"href":"https:\/\/www.egemtv.com\/index.php?rest_route=\/wp\/v2\/types\/post"}],"author":[{"embeddable":true,"href":"https:\/\/www.egemtv.com\/index.php?rest_route=\/wp\/v2\/users\/1"}],"replies":[{"embeddable":true,"href":"https:\/\/www.egemtv.com\/index.php?rest_route=%2Fwp%2Fv2%2Fcomments&post=16272"}],"version-history":[{"count":1,"href":"https:\/\/www.egemtv.com\/index.php?rest_route=\/wp\/v2\/posts\/16272\/revisions"}],"predecessor-version":[{"id":16274,"href":"https:\/\/www.egemtv.com\/index.php?rest_route=\/wp\/v2\/posts\/16272\/revisions\/16274"}],"wp:featuredmedia":[{"embeddable":true,"href":"https:\/\/www.egemtv.com\/index.php?rest_route=\/wp\/v2\/media\/16273"}],"wp:attachment":[{"href":"https:\/\/www.egemtv.com\/index.php?rest_route=%2Fwp%2Fv2%2Fmedia&parent=16272"}],"wp:term":[{"taxonomy":"category","embeddable":true,"href":"https:\/\/www.egemtv.com\/index.php?rest_route=%2Fwp%2Fv2%2Fcategories&post=16272"},{"taxonomy":"post_tag","embeddable":true,"href":"https:\/\/www.egemtv.com\/index.php?rest_route=%2Fwp%2Fv2%2Ftags&post=16272"}],"curies":[{"name":"wp","href":"https:\/\/api.w.org\/{rel}","templated":true}]}}