{"id":16269,"date":"2025-02-06T15:33:32","date_gmt":"2025-02-06T12:33:32","guid":{"rendered":"https:\/\/www.egemtv.com\/?p=16269"},"modified":"2025-02-06T15:33:37","modified_gmt":"2025-02-06T12:33:37","slug":"sehit-binbasi-yetisen-icin-anne-evinde-helallik-alindi","status":"publish","type":"post","link":"https:\/\/www.egemtv.com\/?p=16269","title":{"rendered":"\u015eehit Binba\u015f\u0131 Yeti\u015fen i\u00e7in anne evinde helallik al\u0131nd\u0131"},"content":{"rendered":"<p>Pen\u00e7e-Kilit Operasyonu b\u00f6lgesinde b\u00f6l\u00fcc\u00fc ter\u00f6r \u00f6rg\u00fct\u00fc mensuplar\u0131 ile \u00e7\u0131kan \u00e7at\u0131\u015fmada \u015fehit olan Piyade Komando Binba\u015f\u0131 Murat Kemal Yeti\u015fen\u2019in naa\u015f\u0131, Ayd\u0131n\u2019\u0131n Efeler il\u00e7esindeki annesinin evine getirerek helallik al\u0131nd\u0131.<br \/>\n<br \/>5 \u015eubat\u2019ta Kuzey Irak\u2019taki Pen\u00e7e-Kilit Operasyonu b\u00f6lgesinde b\u00f6l\u00fcc\u00fc ter\u00f6r \u00f6rg\u00fct\u00fc mensuplar\u0131 ile \u00e7\u0131kan \u00e7at\u0131\u015fmada \u015fehit olan Piyade Komando Binba\u015f\u0131 Murat Kemal Yeti\u015fen\u2019in (43) ac\u0131 haberi, Ayd\u0131n\u2019\u0131n Efeler il\u00e7esindeki ailesine ula\u015ft\u0131. Ayd\u0131n Vali Yard\u0131mc\u0131s\u0131 Mehmet Y\u00fcce taraf\u0131ndan verilen ac\u0131 haberin ard\u0131ndan \u015fehidin evine T\u00fcrk bayra\u011f\u0131 as\u0131ld\u0131. Hava yoluyla \u0130zmir\u2019e getirilen \u015fehidin naa\u015f\u0131, buradan karayoluyla konvoy e\u015fli\u011finde Efeler Adnan Menderes Mahallesi\u2019ndeki annesinin evine getirildi. \u015eehidin ailesi, yak\u0131nlar\u0131 ve vatanda\u015flar\u0131n kat\u0131ld\u0131\u011f\u0131 cenazede evin \u00f6n\u00fcnde helallik al\u0131nd\u0131. Yap\u0131lan duada \u015fehidin yak\u0131nlar\u0131 g\u00f6zya\u015f\u0131 d\u00f6kt\u00fc.<br \/>\n<br \/>\u015eehit Binba\u015f\u0131 Yeti\u015fen\u2019in naa\u015f\u0131, Efeler Bey Camii\u2019nde ikindi namaz\u0131n\u0131 m\u00fcteakip k\u0131l\u0131nacak cenaze namaz\u0131n\u0131n ard\u0131ndan Kemer Mezarl\u0131\u011f\u0131\u2019na defnedilecek.<br \/><\/p>\n","protected":false},"excerpt":{"rendered":"<p>Pen\u00e7e-Kilit Operasyonu b\u00f6lgesinde b\u00f6l\u00fcc\u00fc ter\u00f6r \u00f6rg\u00fct\u00fc mensuplar\u0131 ile \u00e7\u0131kan \u00e7at\u0131\u015fmada \u015fehit olan Piyade Komando Binba\u015f\u0131 Murat Kemal Yeti\u015fen\u2019in naa\u015f\u0131, Ayd\u0131n\u2019\u0131n Efeler il\u00e7esindeki annesinin evine getirerek helallik al\u0131nd\u0131. 5 \u015eubat\u2019ta Kuzey Irak\u2019taki Pen\u00e7e-Kilit Operasyonu b\u00f6lgesinde b\u00f6l\u00fcc\u00fc ter\u00f6r \u00f6rg\u00fct\u00fc mensuplar\u0131 ile \u00e7\u0131kan \u00e7at\u0131\u015fmada \u015fehit olan Piyade Komando Binba\u015f\u0131 Murat Kemal Yeti\u015fen\u2019in (43) ac\u0131 haberi, Ayd\u0131n\u2019\u0131n Efeler il\u00e7esindeki&#8230;<\/p>\n","protected":false},"author":1,"featured_media":16270,"comment_status":"open","ping_status":"open","sticky":false,"template":"","format":"standard","meta":{"_crdt_document":"","footnotes":""},"categories":[1],"tags":[],"class_list":["post-16269","post","type-post","status-publish","format-standard","has-post-thumbnail","hentry","category-guncel"],"_links":{"self":[{"href":"https:\/\/www.egemtv.com\/index.php?rest_route=\/wp\/v2\/posts\/16269","targetHints":{"allow":["GET"]}}],"collection":[{"href":"https:\/\/www.egemtv.com\/index.php?rest_route=\/wp\/v2\/posts"}],"about":[{"href":"https:\/\/www.egemtv.com\/index.php?rest_route=\/wp\/v2\/types\/post"}],"author":[{"embeddable":true,"href":"https:\/\/www.egemtv.com\/index.php?rest_route=\/wp\/v2\/users\/1"}],"replies":[{"embeddable":true,"href":"https:\/\/www.egemtv.com\/index.php?rest_route=%2Fwp%2Fv2%2Fcomments&post=16269"}],"version-history":[{"count":1,"href":"https:\/\/www.egemtv.com\/index.php?rest_route=\/wp\/v2\/posts\/16269\/revisions"}],"predecessor-version":[{"id":16271,"href":"https:\/\/www.egemtv.com\/index.php?rest_route=\/wp\/v2\/posts\/16269\/revisions\/16271"}],"wp:featuredmedia":[{"embeddable":true,"href":"https:\/\/www.egemtv.com\/index.php?rest_route=\/wp\/v2\/media\/16270"}],"wp:attachment":[{"href":"https:\/\/www.egemtv.com\/index.php?rest_route=%2Fwp%2Fv2%2Fmedia&parent=16269"}],"wp:term":[{"taxonomy":"category","embeddable":true,"href":"https:\/\/www.egemtv.com\/index.php?rest_route=%2Fwp%2Fv2%2Fcategories&post=16269"},{"taxonomy":"post_tag","embeddable":true,"href":"https:\/\/www.egemtv.com\/index.php?rest_route=%2Fwp%2Fv2%2Ftags&post=16269"}],"curies":[{"name":"wp","href":"https:\/\/api.w.org\/{rel}","templated":true}]}}