{"id":16266,"date":"2025-02-06T15:33:22","date_gmt":"2025-02-06T12:33:22","guid":{"rendered":"https:\/\/www.egemtv.com\/?p=16266"},"modified":"2025-02-06T15:33:31","modified_gmt":"2025-02-06T12:33:31","slug":"iki-evden-370-bin-tllik-altin-calan-sahislar-yuzlerini-kapatsa-da-polisten-kacamadilar","status":"publish","type":"post","link":"https:\/\/www.egemtv.com\/?p=16266","title":{"rendered":"\u0130ki evden 370 bin TL\u2019lik alt\u0131n \u00e7alan \u015fah\u0131slar y\u00fczlerini kapatsa da polisten ka\u00e7amad\u0131lar"},"content":{"rendered":"<p>Afyonkarahisar\u2019da girdikleri iki evden 370 bin TL\u2019lik alt\u0131n \u00e7alan 2 kad\u0131ndan biri polisin d\u00fczenledi\u011fi operasyonla yakalan\u0131rken, \u015fah\u0131slar\u0131n soygun i\u00e7in girdikleri evlerde g\u00fcvenlik kameralar\u0131na yakalanmamak i\u00e7in y\u00fczlerini \u015fal ve ba\u015f\u00f6rt\u00fcleri ile kapatmaya \u00e7al\u0131\u015fmalar\u0131 ise dikkatlerden ka\u00e7mad\u0131.<br \/>\n<br \/>Edinilen bilgilere g\u00f6re, Sel\u00e7uklu Mahallesinde ayn\u0131 g\u00fcnde 2 farkl\u0131 h\u0131rs\u0131zl\u0131k olay\u0131na kar\u0131\u015fan \u015fah\u0131slar, emniyet ekiplerinin ba\u015far\u0131l\u0131 \u00e7al\u0131\u015fmalar\u0131yla k\u0131sa s\u00fcrede yakaland\u0131. Mahallede 1500 sokakta bulunan bir site i\u00e7erisinde ikamet eden K.D., isimli \u015fahs\u0131n ikametinden kolye, y\u00fcz\u00fck, saat, gram alt\u0131n ve bileklik tarz\u0131 120 bin TL\u2019lik ziynet e\u015fyalar\u0131n\u0131n \u00e7al\u0131nmas\u0131, yine ayn\u0131 sitede ikamet eden \u0130.C.A., isimli \u015fahs\u0131n ikametinden alyans, bileklik, tekta\u015f y\u00fcz\u00fck ve kolye tarz\u0131 250 bin TL\u2019lik alt\u0131n ziynet e\u015fyalar\u0131n\u0131n \u00e7al\u0131nmas\u0131 olaylar\u0131na kar\u0131\u015fan \u015fah\u0131slar emniyet ekiplerinden ka\u00e7amad\u0131. Afyonkarahisar \u0130l Emniyet M\u00fcd\u00fcrl\u00fc\u011f\u00fc Asayi\u015f \u015eube M\u00fcd\u00fcrl\u00fc\u011f\u00fc ekipleri yapt\u0131klar\u0131 titiz \u00e7al\u0131\u015fmalar\u0131n ard\u0131ndan b\u00f6lgedeki kamera kay\u0131tlar\u0131n\u0131 mercek alt\u0131na ald\u0131. Yap\u0131lan incelemeler neticesinde \u015fah\u0131slar\u0131n h\u0131rs\u0131zl\u0131k su\u00e7lar\u0131ndan \u00e7ok say\u0131da kay\u0131tlar\u0131 bulunan R.U (33) ve G.K (26) isimli kad\u0131n \u015fah\u0131slar olduklar\u0131 ve Ankara\u2019n\u0131n Polatl\u0131 il\u00e7esinde ikamet ettikleri tespit edildi.<\/p>\n<p>Olay\u0131 ger\u00e7ekle\u015ftiren \u015fah\u0131slardan biri yakaland\u0131<br \/>\n<br \/>Polatl\u0131 \u0130l\u00e7e Emniyet M\u00fcd\u00fcrl\u00fc\u011f\u00fc g\u00f6revlileri ile ortak yap\u0131lan operasyonda R.U. isimli \u015fah\u0131s Polatl\u0131\u2019da ikametinde yakalanarak Afyonkarahisar\u2019a getirildi. Di\u011fer \u015fahs\u0131n yakalanmas\u0131 i\u00e7in de \u00e7al\u0131\u015fmalar s\u00fcr\u00fcyor. Polatl\u0131 3. Asliye Ceza Mahkemesince de arand\u0131\u011f\u0131 tespit edilen R.U. isimli \u015fah\u0131s ifadesinde h\u0131rs\u0131zl\u0131k olaylar\u0131n\u0131 kendisinin ger\u00e7ekle\u015ftirdi\u011fini kabul etti. Afyonkarahisar Cumhuriyet Ba\u015fsavc\u0131l\u0131\u011f\u0131na sevk edilen R.U., hakk\u0131nda mahkemece verilen tutuklama karar\u0131 sonras\u0131 Afyonkarahisar 2 Nolu T tipi Kapal\u0131 Cezaevine teslim edildi.<br \/><\/p>\n","protected":false},"excerpt":{"rendered":"<p>Afyonkarahisar\u2019da girdikleri iki evden 370 bin TL\u2019lik alt\u0131n \u00e7alan 2 kad\u0131ndan biri polisin d\u00fczenledi\u011fi operasyonla yakalan\u0131rken, \u015fah\u0131slar\u0131n soygun i\u00e7in girdikleri evlerde g\u00fcvenlik kameralar\u0131na yakalanmamak i\u00e7in y\u00fczlerini \u015fal ve ba\u015f\u00f6rt\u00fcleri ile kapatmaya \u00e7al\u0131\u015fmalar\u0131 ise dikkatlerden ka\u00e7mad\u0131. Edinilen bilgilere g\u00f6re, Sel\u00e7uklu Mahallesinde ayn\u0131 g\u00fcnde 2 farkl\u0131 h\u0131rs\u0131zl\u0131k olay\u0131na kar\u0131\u015fan \u015fah\u0131slar, emniyet ekiplerinin ba\u015far\u0131l\u0131 \u00e7al\u0131\u015fmalar\u0131yla k\u0131sa s\u00fcrede yakaland\u0131&#8230;.<\/p>\n","protected":false},"author":1,"featured_media":16267,"comment_status":"open","ping_status":"open","sticky":false,"template":"","format":"standard","meta":{"_crdt_document":"","footnotes":""},"categories":[5],"tags":[],"class_list":["post-16266","post","type-post","status-publish","format-standard","has-post-thumbnail","hentry","category-asayis"],"_links":{"self":[{"href":"https:\/\/www.egemtv.com\/index.php?rest_route=\/wp\/v2\/posts\/16266","targetHints":{"allow":["GET"]}}],"collection":[{"href":"https:\/\/www.egemtv.com\/index.php?rest_route=\/wp\/v2\/posts"}],"about":[{"href":"https:\/\/www.egemtv.com\/index.php?rest_route=\/wp\/v2\/types\/post"}],"author":[{"embeddable":true,"href":"https:\/\/www.egemtv.com\/index.php?rest_route=\/wp\/v2\/users\/1"}],"replies":[{"embeddable":true,"href":"https:\/\/www.egemtv.com\/index.php?rest_route=%2Fwp%2Fv2%2Fcomments&post=16266"}],"version-history":[{"count":1,"href":"https:\/\/www.egemtv.com\/index.php?rest_route=\/wp\/v2\/posts\/16266\/revisions"}],"predecessor-version":[{"id":16268,"href":"https:\/\/www.egemtv.com\/index.php?rest_route=\/wp\/v2\/posts\/16266\/revisions\/16268"}],"wp:featuredmedia":[{"embeddable":true,"href":"https:\/\/www.egemtv.com\/index.php?rest_route=\/wp\/v2\/media\/16267"}],"wp:attachment":[{"href":"https:\/\/www.egemtv.com\/index.php?rest_route=%2Fwp%2Fv2%2Fmedia&parent=16266"}],"wp:term":[{"taxonomy":"category","embeddable":true,"href":"https:\/\/www.egemtv.com\/index.php?rest_route=%2Fwp%2Fv2%2Fcategories&post=16266"},{"taxonomy":"post_tag","embeddable":true,"href":"https:\/\/www.egemtv.com\/index.php?rest_route=%2Fwp%2Fv2%2Ftags&post=16266"}],"curies":[{"name":"wp","href":"https:\/\/api.w.org\/{rel}","templated":true}]}}