{"id":16263,"date":"2025-02-06T15:33:16","date_gmt":"2025-02-06T12:33:16","guid":{"rendered":"https:\/\/www.egemtv.com\/?p=16263"},"modified":"2025-02-06T15:33:22","modified_gmt":"2025-02-06T12:33:22","slug":"denizli-buyuksehir-belediyesi-emitt-fuarinda-goz-dolduruyor","status":"publish","type":"post","link":"https:\/\/www.egemtv.com\/?p=16263","title":{"rendered":"Denizli B\u00fcy\u00fck\u015fehir Belediyesi EMITT Fuar\u0131\u2019nda g\u00f6z dolduruyor"},"content":{"rendered":"<p>Denizli B\u00fcy\u00fck\u015fehir Belediyesi, 28\u2019incisi d\u00fczenlenen Do\u011fu Akdeniz Uluslararas\u0131 Turizm ve Seyahat Fuar\u0131\u2019nda (EMITT) yerini ald\u0131. 5-7 \u015eubat 2025 tarihleri aras\u0131nda \u0130stanbul\u2019da d\u00fczenlenen fuarda, Denizli\u2019nin tarihi, k\u00fclt\u00fcrel ve do\u011fal g\u00fczellikleri d\u00fcnya turizm sekt\u00f6r\u00fcne tan\u0131t\u0131l\u0131yor.<\/p>\n<p>Her y\u0131l 30 bine yak\u0131n sekt\u00f6r profesyonelini a\u011f\u0131rlayan ve d\u00fcnyan\u0131n d\u00f6rt bir yan\u0131ndan tatil destinasyonlar\u0131n\u0131 bir araya getiren EMITT Fuar\u0131\u2019nda, Denizli B\u00fcy\u00fck\u015fehir Belediyesi de Pamukkale, Hierapolis, Laodikya gibi benzersiz turizm destinasyonlar\u0131yla dikkat \u00e7ekiyor. Fuar kapsam\u0131nda 80 \u00fclkeden 666 tur operat\u00f6r\u00fc a\u011f\u0131rlan\u0131rken, Denizli\u2019nin gastronomisinden termal turizmine, do\u011fa sporlar\u0131ndan k\u00fclt\u00fcrel miras\u0131na kadar geni\u015f bir yelpazede tan\u0131t\u0131m\u0131 yap\u0131l\u0131yor.<\/p>\n<p>Turizm \u015fehri Denizli<br \/>\n<br \/>Denizli B\u00fcy\u00fck\u015fehir Belediye Ba\u015fkan\u0131 B\u00fclent Nuri \u00c7avu\u015fo\u011flu, fuar\u0131n a\u00e7\u0131l\u0131\u015f t\u00f6renine kat\u0131larak sekt\u00f6r temsilcileriyle bir araya geldi. Ba\u015fkan \u00c7avu\u015fo\u011flu, Denizli\u2019nin turizm alan\u0131ndaki potansiyelini en iyi \u015fekilde de\u011ferlendirmek i\u00e7in \u00e7al\u0131\u015fmalara devam ettiklerini belirtti. Ba\u015fkan \u00c7avu\u015fo\u011flu, &#8220;Turizm \u015eehri Denizli\u2019miz i\u00e7in \u015fehrimizin tarihi ve k\u00fclt\u00fcrel de\u011ferleri ile do\u011fal g\u00fczelliklerini tan\u0131tmak i\u00e7in yerimizi ald\u0131k. Denizli B\u00fcy\u00fck\u015fehir Belediyesi olarak EMITT 2025 Fuar\u0131\u2019nda Hall-7 Standa-7471\u2019de d\u00fcnyan\u0131n d\u00f6rt bir yan\u0131ndan gelen misafirlerimizi a\u011f\u0131rl\u0131yoruz. Denizli, do\u011fal g\u00fczellikleri, tarihi zenginlikleri ve e\u015fsiz termal kaynaklar\u0131yla \u00fclkemizin en \u00f6nemli turizm destinasyonlar\u0131ndan biri. EMITT Fuar\u0131\u2019nda yer alarak \u015fehrimizi d\u00fcnya turizmine tan\u0131t\u0131yor, uluslararas\u0131 turizm sekt\u00f6r\u00fcne g\u00fc\u00e7l\u00fc bir mesaj veriyoruz. \u015eehrimize daha fazla turist \u00e7ekmek ve Denizli\u2019nin tan\u0131t\u0131m\u0131n\u0131 en iyi \u015fekilde yapmak i\u00e7in \u00e7al\u0131\u015fmalar\u0131m\u0131z devam edecek. EMITT Fuar\u0131\u2019n\u0131n Denizli ve \u00fclkemiz i\u00e7in hay\u0131rl\u0131 olmas\u0131n\u0131 diliyor, eme\u011fi ge\u00e7en herkese te\u015fekk\u00fcr ediyorum&#8221; dedi.<br \/><\/p>\n","protected":false},"excerpt":{"rendered":"<p>Denizli B\u00fcy\u00fck\u015fehir Belediyesi, 28\u2019incisi d\u00fczenlenen Do\u011fu Akdeniz Uluslararas\u0131 Turizm ve Seyahat Fuar\u0131\u2019nda (EMITT) yerini ald\u0131. 5-7 \u015eubat 2025 tarihleri aras\u0131nda \u0130stanbul\u2019da d\u00fczenlenen fuarda, Denizli\u2019nin tarihi, k\u00fclt\u00fcrel ve do\u011fal g\u00fczellikleri d\u00fcnya turizm sekt\u00f6r\u00fcne tan\u0131t\u0131l\u0131yor. Her y\u0131l 30 bine yak\u0131n sekt\u00f6r profesyonelini a\u011f\u0131rlayan ve d\u00fcnyan\u0131n d\u00f6rt bir yan\u0131ndan tatil destinasyonlar\u0131n\u0131 bir araya getiren EMITT Fuar\u0131\u2019nda, Denizli B\u00fcy\u00fck\u015fehir&#8230;<\/p>\n","protected":false},"author":1,"featured_media":16264,"comment_status":"open","ping_status":"open","sticky":false,"template":"","format":"standard","meta":{"_crdt_document":"","footnotes":""},"categories":[1],"tags":[],"class_list":["post-16263","post","type-post","status-publish","format-standard","has-post-thumbnail","hentry","category-guncel"],"_links":{"self":[{"href":"https:\/\/www.egemtv.com\/index.php?rest_route=\/wp\/v2\/posts\/16263","targetHints":{"allow":["GET"]}}],"collection":[{"href":"https:\/\/www.egemtv.com\/index.php?rest_route=\/wp\/v2\/posts"}],"about":[{"href":"https:\/\/www.egemtv.com\/index.php?rest_route=\/wp\/v2\/types\/post"}],"author":[{"embeddable":true,"href":"https:\/\/www.egemtv.com\/index.php?rest_route=\/wp\/v2\/users\/1"}],"replies":[{"embeddable":true,"href":"https:\/\/www.egemtv.com\/index.php?rest_route=%2Fwp%2Fv2%2Fcomments&post=16263"}],"version-history":[{"count":1,"href":"https:\/\/www.egemtv.com\/index.php?rest_route=\/wp\/v2\/posts\/16263\/revisions"}],"predecessor-version":[{"id":16265,"href":"https:\/\/www.egemtv.com\/index.php?rest_route=\/wp\/v2\/posts\/16263\/revisions\/16265"}],"wp:featuredmedia":[{"embeddable":true,"href":"https:\/\/www.egemtv.com\/index.php?rest_route=\/wp\/v2\/media\/16264"}],"wp:attachment":[{"href":"https:\/\/www.egemtv.com\/index.php?rest_route=%2Fwp%2Fv2%2Fmedia&parent=16263"}],"wp:term":[{"taxonomy":"category","embeddable":true,"href":"https:\/\/www.egemtv.com\/index.php?rest_route=%2Fwp%2Fv2%2Fcategories&post=16263"},{"taxonomy":"post_tag","embeddable":true,"href":"https:\/\/www.egemtv.com\/index.php?rest_route=%2Fwp%2Fv2%2Ftags&post=16263"}],"curies":[{"name":"wp","href":"https:\/\/api.w.org\/{rel}","templated":true}]}}