{"id":16260,"date":"2025-02-06T15:33:10","date_gmt":"2025-02-06T12:33:10","guid":{"rendered":"https:\/\/www.egemtv.com\/?p=16260"},"modified":"2025-02-06T15:33:16","modified_gmt":"2025-02-06T12:33:16","slug":"denizlide-her-gebeye-bir-ebe-uygulamasi-hayata-gecirildi","status":"publish","type":"post","link":"https:\/\/www.egemtv.com\/?p=16260","title":{"rendered":"Denizli\u2019de \u2019Her Gebeye Bir Ebe\u2019 uygulamas\u0131 hayata ge\u00e7irildi"},"content":{"rendered":"<p>Sa\u011fl\u0131k Bakanl\u0131\u011f\u0131n\u0131n &#8220;Normal Do\u011fum Eylem Plan\u0131-Her Gebeye Bir Ebe Uygulamas\u0131&#8221; kapsam\u0131nda Denizli\u2019de kamu hastanelerinde Ebe Poliklinikleri hizmete ba\u015flad\u0131. Gebe ve bebek sa\u011fl\u0131\u011f\u0131n\u0131n aktif korunmas\u0131n\u0131n art\u0131r\u0131lmas\u0131 amac\u0131yla &#8220;Her Gebeye Bir Ebe&#8221; uygulamas\u0131 Denizli\u2019de kamu hastanelerinde ebe polikliniklerinde hizmete ge\u00e7irildi.<\/p>\n<p>Normal Do\u011fum Eylem Plan\u0131nda gebe ve bebek sa\u011fl\u0131\u011f\u0131n\u0131n aktif korunmas\u0131n\u0131n art\u0131r\u0131lmas\u0131 amac\u0131yla &#8220;Her Gebeye Bir Ebe&#8221; uygulamas\u0131 ba\u015flat\u0131ld\u0131\u011f\u0131 duyuruldu. Sa\u011fl\u0131k Bakanl\u0131\u011f\u0131 taraf\u0131ndan ba\u015flat\u0131lan ve anne adaylar\u0131na gebelik s\u00fcrecinde birebir destek sa\u011flamay\u0131 ama\u00e7layan bu uygulama kapsam\u0131nda; Denizli \u0130l Sa\u011fl\u0131k M\u00fcd\u00fcrl\u00fc\u011f\u00fcne ba\u011fl\u0131 kamu hastanelerinde 2025 y\u0131l\u0131 ba\u015f\u0131nda Ebe Poliklinikleri hizmete a\u00e7\u0131ld\u0131. Bu polikliniklerde; gebelikten do\u011fum sonras\u0131na kadar olan s\u00fcre\u00e7te s\u00fcrekli rehberlik ve destek sunulacak olup anne adaylar\u0131n\u0131n hamilelik ve do\u011fum s\u00fcrecini daha bilin\u00e7li ve rahat ge\u00e7irmesini sa\u011flamak, gebelik s\u00fcre\u00e7lerinde daha g\u00fcvende hissetmelerine katk\u0131 sa\u011flamak ama\u00e7lanmaktad\u0131r.<\/p>\n<p>Ebe poliklinikleri ile ebe ve anne adaylar\u0131 aras\u0131nda g\u00fcven ili\u015fkisinin g\u00fc\u00e7lendirilmesi, do\u011fum s\u00fcrecine dair endi\u015felerin azalt\u0131lmas\u0131 ve normal do\u011fumun te\u015fvik edilmesinin hedeflendi\u011fini vurgulayan Denizli \u0130l Sa\u011fl\u0131k M\u00fcd\u00fcr\u00fc Uz. Dr. Berna \u00d6zt\u00fcrk, &#8220;Son y\u0131llarda sezaryen oranlar\u0131ndaki art\u0131\u015f, \u00fclkemizde ve d\u00fcnya genelinde \u00f6nemli bir sa\u011fl\u0131k sorunu olarak \u00f6ne \u00e7\u0131kmaktad\u0131r. Sezaryen, t\u0131bbi gereklilik durumlar\u0131nda hayat kurtar\u0131c\u0131 bir m\u00fcdahale olmakla birlikte, t\u0131bbi zorunluluklar d\u0131\u015f\u0131nda tercih edilmesi durumunda hem anne hem de bebek sa\u011fl\u0131\u011f\u0131 \u00fczerinde k\u0131sa ve uzun vadeli olumsuz etkiler olu\u015fturabilmektedir. Sezaryen enfeksiyon, kanama, uzun iyile\u015fme s\u00fcresi ve daha sonraki gebeliklerde komplikasyon risklerinin artmas\u0131 gibi \u00e7e\u015fitli t\u0131bbi riskleri beraberinde getirebilmektedir. Ayr\u0131ca anne s\u00fct\u00fc ile beslenmenin gecikmesi ve ba\u011flanma s\u00fcre\u00e7lerinde aksakl\u0131klar da sezaryenin olumsuz sonu\u00e7lar\u0131 aras\u0131nda yer almaktad\u0131r. Bu nedenlerle, t\u0131bbi zorunluluk olmad\u0131k\u00e7a yap\u0131lan sezaryenlerin \u00f6nlenmesi, normal do\u011fumun te\u015fvik edilmesi ve bu yolla anne ve bebek sa\u011fl\u0131\u011f\u0131n\u0131n korunmas\u0131 amac\u0131yla &#8220;Normal Do\u011fum Eylem Plan\u0131&#8221; haz\u0131rlanm\u0131\u015ft\u0131r. Bu plan\u0131n en \u00f6nemli hedeflerinden birisi de ebelerin normal do\u011fum s\u00fcre\u00e7lerindeki rol\u00fcn\u00fc g\u00fc\u00e7lendirmektir. \u00c7\u00fcnk\u00fc; ebelerimiz normal do\u011fumu te\u015fvik etmede \u00f6nemli bir rol oynar ve ebe liderli\u011findeki do\u011fumlarda olumlu sonu\u00e7lar g\u00f6r\u00fcl\u00fcr. D\u00fcnyada da normal do\u011fumu te\u015fvik eden sistemlerde ebelerin aktif rol ald\u0131\u011f\u0131 ve do\u011fum s\u00fcrecinin b\u00fcy\u00fck bir k\u0131sm\u0131n\u0131 y\u00f6nettikleri g\u00f6r\u00fclmektedir. Normal do\u011fum, anne ve bebek sa\u011fl\u0131\u011f\u0131n\u0131 en \u00fcst d\u00fczeyde koruyan, di\u011fer y\u00f6nteme g\u00f6re annenin gebelik \u00f6ncesi ya\u015fant\u0131s\u0131na daha \u00e7abuk d\u00f6nd\u00fc\u011f\u00fc, ebelerin yard\u0131m\u0131n\u0131n yeterli oldu\u011fu bir s\u00fcre\u00e7tir&#8221; diye konu\u015ftu.<\/p>\n<p>&#8220;Ebelerimiz t\u00fcm s\u00fcre\u00e7te gebelerimizin yol arkada\u015f\u0131 olacak&#8221;<br \/>\n<br \/>Ebe Polikliniklerinde; gebelik s\u00fcrecinden lohusal\u0131k d\u00f6nemine kadar anne adaylar\u0131n\u0131n hem fiziksel hem de psikolojik sa\u011fl\u0131\u011f\u0131n\u0131 destekleyici hizmetler sunuldu\u011funu ifade eden \u0130l Sa\u011fl\u0131k M\u00fcd\u00fcr\u00fc Uz. Dr. Berna \u00d6zt\u00fcrk, t\u00fcm gebeleri bu poliklinik hizmetinden faydalanmaya davet etti. \u0130l Sa\u011fl\u0131k M\u00fcd\u00fcr\u00fc Uz. Dr. Berna \u00d6zt\u00fcrk; &#8220;Gebe veya gebelik planlayan her bireyin \u00f6ncesinde \u00fcreme sa\u011fl\u0131\u011f\u0131 dan\u0131\u015fmanl\u0131\u011f\u0131 almas\u0131n\u0131, gebeli\u011fi s\u00fcresince aile hekimli\u011fi birimlerimizde takiplerinin yap\u0131lmas\u0131n\u0131, sa\u011fl\u0131kl\u0131 hayat merkezlerimizde g\u00f6rev alan diyetisyen ve fizyoterapist hizmetlerinden faydalanmas\u0131n\u0131 \u00f6nemsiyoruz. Bunun yan\u0131nda kad\u0131n do\u011fum uzmanlar\u0131m\u0131z\u0131n takibinde olan her gebe i\u00e7in, \u2018Gebe Okullar\u0131\u2019 ile s\u00fcrece dair bilgilerinin art\u0131r\u0131lmas\u0131, \u2018Her Gebeye Ebe\u2019 program\u0131 kapsam\u0131nda da akl\u0131ndaki sorular\u0131 detayl\u0131ca sorabilece\u011fi, t\u00fcm s\u00fcrece uyumunda destek alabilece\u011fi ve kolayl\u0131kla ula\u015fabilece\u011fi ebelerimizin g\u00f6revlendirildi\u011fi Ebe Polikliniklerimizden hizmet almas\u0131n\u0131n da \u00f6nemi b\u00fcy\u00fckt\u00fcr. T\u00fcm kamu hastanelerimizde bulunan polikliniklerimizde; gebelerin tansiyon, kilo, boy gibi temel sa\u011fl\u0131k \u00f6l\u00e7\u00fcmlerinin d\u00fczenli olarak takip edilmesi, anne s\u00fct\u00fc, emzirme s\u00fcreci, bebek bak\u0131m\u0131 ve sa\u011fl\u0131\u011f\u0131 ile ilgili bilgilendirme ve destek hizmetleri gibi pek \u00e7ok uygulama ger\u00e7ekle\u015ftirilmektedir. Ebelerimiz, ila\u00e7 d\u0131\u015f\u0131 a\u011fr\u0131 y\u00f6netimi gibi konularda da bilgilendirmelerde bulunuyor, gebemizi alarak do\u011fum ekibiyle tan\u0131\u015ft\u0131r\u0131yor, do\u011fum odalar\u0131n\u0131 g\u00f6steriyorlar. Burada ebelerimiz, asl\u0131nda do\u011fum \u00f6ncesi, do\u011fum ve do\u011fum sonras\u0131, yenido\u011fan bak\u0131m\u0131, emzirme gibi t\u00fcm s\u00fcre\u00e7lerde gebelerimizin destek\u00e7isi, yol arkada\u015f\u0131 oluyorlar&#8221; dedi.<br \/><\/p>\n","protected":false},"excerpt":{"rendered":"<p>Sa\u011fl\u0131k Bakanl\u0131\u011f\u0131n\u0131n &#8220;Normal Do\u011fum Eylem Plan\u0131-Her Gebeye Bir Ebe Uygulamas\u0131&#8221; kapsam\u0131nda Denizli\u2019de kamu hastanelerinde Ebe Poliklinikleri hizmete ba\u015flad\u0131. Gebe ve bebek sa\u011fl\u0131\u011f\u0131n\u0131n aktif korunmas\u0131n\u0131n art\u0131r\u0131lmas\u0131 amac\u0131yla &#8220;Her Gebeye Bir Ebe&#8221; uygulamas\u0131 Denizli\u2019de kamu hastanelerinde ebe polikliniklerinde hizmete ge\u00e7irildi. Normal Do\u011fum Eylem Plan\u0131nda gebe ve bebek sa\u011fl\u0131\u011f\u0131n\u0131n aktif korunmas\u0131n\u0131n art\u0131r\u0131lmas\u0131 amac\u0131yla &#8220;Her Gebeye Bir Ebe&#8221; uygulamas\u0131&#8230;<\/p>\n","protected":false},"author":1,"featured_media":16261,"comment_status":"open","ping_status":"open","sticky":false,"template":"","format":"standard","meta":{"_crdt_document":"","footnotes":""},"categories":[2],"tags":[],"class_list":["post-16260","post","type-post","status-publish","format-standard","has-post-thumbnail","hentry","category-saglik"],"_links":{"self":[{"href":"https:\/\/www.egemtv.com\/index.php?rest_route=\/wp\/v2\/posts\/16260","targetHints":{"allow":["GET"]}}],"collection":[{"href":"https:\/\/www.egemtv.com\/index.php?rest_route=\/wp\/v2\/posts"}],"about":[{"href":"https:\/\/www.egemtv.com\/index.php?rest_route=\/wp\/v2\/types\/post"}],"author":[{"embeddable":true,"href":"https:\/\/www.egemtv.com\/index.php?rest_route=\/wp\/v2\/users\/1"}],"replies":[{"embeddable":true,"href":"https:\/\/www.egemtv.com\/index.php?rest_route=%2Fwp%2Fv2%2Fcomments&post=16260"}],"version-history":[{"count":1,"href":"https:\/\/www.egemtv.com\/index.php?rest_route=\/wp\/v2\/posts\/16260\/revisions"}],"predecessor-version":[{"id":16262,"href":"https:\/\/www.egemtv.com\/index.php?rest_route=\/wp\/v2\/posts\/16260\/revisions\/16262"}],"wp:featuredmedia":[{"embeddable":true,"href":"https:\/\/www.egemtv.com\/index.php?rest_route=\/wp\/v2\/media\/16261"}],"wp:attachment":[{"href":"https:\/\/www.egemtv.com\/index.php?rest_route=%2Fwp%2Fv2%2Fmedia&parent=16260"}],"wp:term":[{"taxonomy":"category","embeddable":true,"href":"https:\/\/www.egemtv.com\/index.php?rest_route=%2Fwp%2Fv2%2Fcategories&post=16260"},{"taxonomy":"post_tag","embeddable":true,"href":"https:\/\/www.egemtv.com\/index.php?rest_route=%2Fwp%2Fv2%2Ftags&post=16260"}],"curies":[{"name":"wp","href":"https:\/\/api.w.org\/{rel}","templated":true}]}}