{"id":16257,"date":"2025-02-06T15:27:56","date_gmt":"2025-02-06T12:27:56","guid":{"rendered":"https:\/\/www.egemtv.com\/?p=16257"},"modified":"2025-02-06T15:27:59","modified_gmt":"2025-02-06T12:27:59","slug":"jandarma-tarafindan-bulunan-yarali-sahin-koruma-altina-alindi","status":"publish","type":"post","link":"https:\/\/www.egemtv.com\/?p=16257","title":{"rendered":"Jandarma taraf\u0131ndan bulunan yaral\u0131 \u015fahin koruma alt\u0131na al\u0131nd\u0131"},"content":{"rendered":"<p>U\u015fak Jandarma ekiplerince yol kenar\u0131nda bulunan yaral\u0131 \u015fahin Do\u011fa Koruma ve Milli Parklar \u015eube M\u00fcd\u00fcrl\u00fc\u011f\u00fc ekiplerine teslim edildi.<br \/>\n<br \/>U\u015fak \u0130l Jandarma Komutanl\u0131\u011f\u0131\u2019na ba\u011fl\u0131 Asayi\u015f ekiplerince Ulubey il\u00e7esine ba\u011fl\u0131 Dutluca k\u00f6y\u00fc yak\u0131nlar\u0131nda devriye att\u0131\u011f\u0131 esnada yol kenar\u0131nda yaral\u0131 ve u\u00e7amaz halde \u015fahin buldu. Ekipler yaral\u0131 \u015fahini muhafaza alt\u0131na alarak tedavi edilmesi i\u00e7in U\u015fak Do\u011fa Koruma ve Milli Parklar \u015eube M\u00fcd\u00fcrl\u00fc\u011f\u00fc ekiplerine teslim etti.<br \/>\n<br \/>\u00d6te yandan, yaral\u0131 \u015fahinin tedavisi yap\u0131ld\u0131ktan sonra tekrar do\u011faya b\u0131rak\u0131laca\u011f\u0131 \u00f6\u011frenildi.<br \/><\/p>\n","protected":false},"excerpt":{"rendered":"<p>U\u015fak Jandarma ekiplerince yol kenar\u0131nda bulunan yaral\u0131 \u015fahin Do\u011fa Koruma ve Milli Parklar \u015eube M\u00fcd\u00fcrl\u00fc\u011f\u00fc ekiplerine teslim edildi. U\u015fak \u0130l Jandarma Komutanl\u0131\u011f\u0131\u2019na ba\u011fl\u0131 Asayi\u015f ekiplerince Ulubey il\u00e7esine ba\u011fl\u0131 Dutluca k\u00f6y\u00fc yak\u0131nlar\u0131nda devriye att\u0131\u011f\u0131 esnada yol kenar\u0131nda yaral\u0131 ve u\u00e7amaz halde \u015fahin buldu. Ekipler yaral\u0131 \u015fahini muhafaza alt\u0131na alarak tedavi edilmesi i\u00e7in U\u015fak Do\u011fa Koruma ve&#8230;<\/p>\n","protected":false},"author":1,"featured_media":16258,"comment_status":"open","ping_status":"open","sticky":false,"template":"","format":"standard","meta":{"_crdt_document":"","footnotes":""},"categories":[1],"tags":[],"class_list":["post-16257","post","type-post","status-publish","format-standard","has-post-thumbnail","hentry","category-guncel"],"_links":{"self":[{"href":"https:\/\/www.egemtv.com\/index.php?rest_route=\/wp\/v2\/posts\/16257","targetHints":{"allow":["GET"]}}],"collection":[{"href":"https:\/\/www.egemtv.com\/index.php?rest_route=\/wp\/v2\/posts"}],"about":[{"href":"https:\/\/www.egemtv.com\/index.php?rest_route=\/wp\/v2\/types\/post"}],"author":[{"embeddable":true,"href":"https:\/\/www.egemtv.com\/index.php?rest_route=\/wp\/v2\/users\/1"}],"replies":[{"embeddable":true,"href":"https:\/\/www.egemtv.com\/index.php?rest_route=%2Fwp%2Fv2%2Fcomments&post=16257"}],"version-history":[{"count":1,"href":"https:\/\/www.egemtv.com\/index.php?rest_route=\/wp\/v2\/posts\/16257\/revisions"}],"predecessor-version":[{"id":16259,"href":"https:\/\/www.egemtv.com\/index.php?rest_route=\/wp\/v2\/posts\/16257\/revisions\/16259"}],"wp:featuredmedia":[{"embeddable":true,"href":"https:\/\/www.egemtv.com\/index.php?rest_route=\/wp\/v2\/media\/16258"}],"wp:attachment":[{"href":"https:\/\/www.egemtv.com\/index.php?rest_route=%2Fwp%2Fv2%2Fmedia&parent=16257"}],"wp:term":[{"taxonomy":"category","embeddable":true,"href":"https:\/\/www.egemtv.com\/index.php?rest_route=%2Fwp%2Fv2%2Fcategories&post=16257"},{"taxonomy":"post_tag","embeddable":true,"href":"https:\/\/www.egemtv.com\/index.php?rest_route=%2Fwp%2Fv2%2Ftags&post=16257"}],"curies":[{"name":"wp","href":"https:\/\/api.w.org\/{rel}","templated":true}]}}