{"id":16254,"date":"2025-02-06T15:27:50","date_gmt":"2025-02-06T12:27:50","guid":{"rendered":"https:\/\/www.egemtv.com\/?p=16254"},"modified":"2025-02-06T15:27:55","modified_gmt":"2025-02-06T12:27:55","slug":"bodrumda-firtina-devam-ediyor","status":"publish","type":"post","link":"https:\/\/www.egemtv.com\/?p=16254","title":{"rendered":"Bodrum\u2019da f\u0131rt\u0131na devam ediyor"},"content":{"rendered":"<p>Mu\u011fla\u2019n\u0131n Bodrum il\u00e7esinde d\u00fcnden bu yana etkili olan f\u0131rt\u0131na sebebiyle yelkenli tekne karaya s\u00fcr\u00fcklendi, feribot seferleri bug\u00fcn de yap\u0131lamad\u0131.<\/p>\n<p>Meteoroloji\u2019nin f\u0131rt\u0131na uyar\u0131s\u0131 yapt\u0131\u011f\u0131 il\u00e7ede kuvvetli r\u00fczgar ve f\u0131rt\u0131na g\u00fcnl\u00fck ya\u015fam\u0131 olumsuz etkilemeye devam ediyor. Turgutreis\u2019te tonozdan ayr\u0131lan yelkenli tekne, k\u0131y\u0131ya s\u00fcr\u00fcklendi. Teknede k\u00fc\u00e7\u00fck \u00e7apl\u0131 hasar olu\u015ftu. Bal\u0131k\u00e7\u0131lara denize a\u00e7\u0131lmay\u0131n uyar\u0131s\u0131 yap\u0131ld\u0131. Bodrum ile Dat\u00e7a ve Yunanistan\u2019\u0131n \u0130stank\u00f6y Adas\u0131 aras\u0131ndaki feribot seferleri ise yap\u0131lamad\u0131. \u0130l\u00e7ede f\u0131rt\u0131na \u015feklinde esen r\u00fczgar\u0131n h\u0131z\u0131n\u0131n, bug\u00fcn ak\u015fam saatlerinde azalaca\u011f\u0131, Cuma g\u00fcn\u00fc kuvvetli r\u00fczgar \u015feklinde esmesi bekleniyor.<br \/><\/p>\n","protected":false},"excerpt":{"rendered":"<p>Mu\u011fla\u2019n\u0131n Bodrum il\u00e7esinde d\u00fcnden bu yana etkili olan f\u0131rt\u0131na sebebiyle yelkenli tekne karaya s\u00fcr\u00fcklendi, feribot seferleri bug\u00fcn de yap\u0131lamad\u0131. Meteoroloji\u2019nin f\u0131rt\u0131na uyar\u0131s\u0131 yapt\u0131\u011f\u0131 il\u00e7ede kuvvetli r\u00fczgar ve f\u0131rt\u0131na g\u00fcnl\u00fck ya\u015fam\u0131 olumsuz etkilemeye devam ediyor. Turgutreis\u2019te tonozdan ayr\u0131lan yelkenli tekne, k\u0131y\u0131ya s\u00fcr\u00fcklendi. Teknede k\u00fc\u00e7\u00fck \u00e7apl\u0131 hasar olu\u015ftu. Bal\u0131k\u00e7\u0131lara denize a\u00e7\u0131lmay\u0131n uyar\u0131s\u0131 yap\u0131ld\u0131. Bodrum ile Dat\u00e7a ve&#8230;<\/p>\n","protected":false},"author":1,"featured_media":16255,"comment_status":"open","ping_status":"open","sticky":false,"template":"","format":"standard","meta":{"_crdt_document":"","footnotes":""},"categories":[1],"tags":[],"class_list":["post-16254","post","type-post","status-publish","format-standard","has-post-thumbnail","hentry","category-guncel"],"_links":{"self":[{"href":"https:\/\/www.egemtv.com\/index.php?rest_route=\/wp\/v2\/posts\/16254","targetHints":{"allow":["GET"]}}],"collection":[{"href":"https:\/\/www.egemtv.com\/index.php?rest_route=\/wp\/v2\/posts"}],"about":[{"href":"https:\/\/www.egemtv.com\/index.php?rest_route=\/wp\/v2\/types\/post"}],"author":[{"embeddable":true,"href":"https:\/\/www.egemtv.com\/index.php?rest_route=\/wp\/v2\/users\/1"}],"replies":[{"embeddable":true,"href":"https:\/\/www.egemtv.com\/index.php?rest_route=%2Fwp%2Fv2%2Fcomments&post=16254"}],"version-history":[{"count":1,"href":"https:\/\/www.egemtv.com\/index.php?rest_route=\/wp\/v2\/posts\/16254\/revisions"}],"predecessor-version":[{"id":16256,"href":"https:\/\/www.egemtv.com\/index.php?rest_route=\/wp\/v2\/posts\/16254\/revisions\/16256"}],"wp:featuredmedia":[{"embeddable":true,"href":"https:\/\/www.egemtv.com\/index.php?rest_route=\/wp\/v2\/media\/16255"}],"wp:attachment":[{"href":"https:\/\/www.egemtv.com\/index.php?rest_route=%2Fwp%2Fv2%2Fmedia&parent=16254"}],"wp:term":[{"taxonomy":"category","embeddable":true,"href":"https:\/\/www.egemtv.com\/index.php?rest_route=%2Fwp%2Fv2%2Fcategories&post=16254"},{"taxonomy":"post_tag","embeddable":true,"href":"https:\/\/www.egemtv.com\/index.php?rest_route=%2Fwp%2Fv2%2Ftags&post=16254"}],"curies":[{"name":"wp","href":"https:\/\/api.w.org\/{rel}","templated":true}]}}