{"id":16251,"date":"2025-02-06T15:27:45","date_gmt":"2025-02-06T12:27:45","guid":{"rendered":"https:\/\/www.egemtv.com\/?p=16251"},"modified":"2025-02-06T15:27:50","modified_gmt":"2025-02-06T12:27:50","slug":"usakta-6-subat-depremleri-temali-fotograf-sergisi-acildi","status":"publish","type":"post","link":"https:\/\/www.egemtv.com\/?p=16251","title":{"rendered":"U\u015fak\u2019ta 6 \u015eubat Depremleri temal\u0131 foto\u011fraf sergisi a\u00e7\u0131ld\u0131"},"content":{"rendered":"<p>U\u015fak AFAD taraf\u0131ndan 6 \u015eubat depreminin ikinci y\u0131l d\u00f6n\u00fcm\u00fcnde \u20186 \u015eubat Depremleri\u2019 temal\u0131 foto\u011fraf sergisi a\u00e7\u0131ld\u0131.<br \/>\n<br \/>U\u015fak \u0130l Afet ve Acil Durum M\u00fcd\u00fcrl\u00fc\u011f\u00fc taraf\u0131ndan U\u015fak Belediyesi Y\u00f6resel \u00dcr\u00fcnler \u00c7ar\u015f\u0131s\u0131 \u00f6n\u00fcnde a\u00e7\u0131lan sergide 6 \u015eubat tarihinde ger\u00e7ekle\u015fen depremlerin ard\u0131ndan \u00e7ekilen foto\u011fraflar yer ald\u0131. Sergiye U\u015fak Valisi Naci Akta\u015f, Vali Yard\u0131mc\u0131lar\u0131 \u00d6nder Can ve Bar\u0131\u015f Demirta\u015f, \u0130l Jandarma Komutan\u0131 K\u0131demli Albay Fahri Semiz, \u0130l AFAD M\u00fcd\u00fcr\u00fc Burak Edin, kurum m\u00fcd\u00fcrleri, Sivil Arama Kurtarma ekipleri ve AFAD g\u00f6n\u00fcll\u00fcleri kat\u0131ld\u0131.<br \/>\n<br \/>Foto\u011fraf sergisini gezen U\u015fak Valisi Naci Akta\u015f ve beraberindeki heyet ard\u0131ndan AFAD ve Sivil Arama Kurtarma ekipleri taraf\u0131ndan kurulan stantlar\u0131 gezerek bilgi ald\u0131.<\/p>\n<p>\u00d6te yandan, program kapsam\u0131nda Ulu Cami\u2019de depremlerde hayat\u0131n\u0131 kaybeden vatanda\u015flar i\u00e7in Kur\u2019an-\u0131 Kerim okunup, dua edildi.<br \/><\/p>\n","protected":false},"excerpt":{"rendered":"<p>U\u015fak AFAD taraf\u0131ndan 6 \u015eubat depreminin ikinci y\u0131l d\u00f6n\u00fcm\u00fcnde \u20186 \u015eubat Depremleri\u2019 temal\u0131 foto\u011fraf sergisi a\u00e7\u0131ld\u0131. U\u015fak \u0130l Afet ve Acil Durum M\u00fcd\u00fcrl\u00fc\u011f\u00fc taraf\u0131ndan U\u015fak Belediyesi Y\u00f6resel \u00dcr\u00fcnler \u00c7ar\u015f\u0131s\u0131 \u00f6n\u00fcnde a\u00e7\u0131lan sergide 6 \u015eubat tarihinde ger\u00e7ekle\u015fen depremlerin ard\u0131ndan \u00e7ekilen foto\u011fraflar yer ald\u0131. Sergiye U\u015fak Valisi Naci Akta\u015f, Vali Yard\u0131mc\u0131lar\u0131 \u00d6nder Can ve Bar\u0131\u015f Demirta\u015f, \u0130l&#8230;<\/p>\n","protected":false},"author":1,"featured_media":16252,"comment_status":"open","ping_status":"open","sticky":false,"template":"","format":"standard","meta":{"_crdt_document":"","footnotes":""},"categories":[123],"tags":[],"class_list":["post-16251","post","type-post","status-publish","format-standard","has-post-thumbnail","hentry","category-gundem"],"_links":{"self":[{"href":"https:\/\/www.egemtv.com\/index.php?rest_route=\/wp\/v2\/posts\/16251","targetHints":{"allow":["GET"]}}],"collection":[{"href":"https:\/\/www.egemtv.com\/index.php?rest_route=\/wp\/v2\/posts"}],"about":[{"href":"https:\/\/www.egemtv.com\/index.php?rest_route=\/wp\/v2\/types\/post"}],"author":[{"embeddable":true,"href":"https:\/\/www.egemtv.com\/index.php?rest_route=\/wp\/v2\/users\/1"}],"replies":[{"embeddable":true,"href":"https:\/\/www.egemtv.com\/index.php?rest_route=%2Fwp%2Fv2%2Fcomments&post=16251"}],"version-history":[{"count":1,"href":"https:\/\/www.egemtv.com\/index.php?rest_route=\/wp\/v2\/posts\/16251\/revisions"}],"predecessor-version":[{"id":16253,"href":"https:\/\/www.egemtv.com\/index.php?rest_route=\/wp\/v2\/posts\/16251\/revisions\/16253"}],"wp:featuredmedia":[{"embeddable":true,"href":"https:\/\/www.egemtv.com\/index.php?rest_route=\/wp\/v2\/media\/16252"}],"wp:attachment":[{"href":"https:\/\/www.egemtv.com\/index.php?rest_route=%2Fwp%2Fv2%2Fmedia&parent=16251"}],"wp:term":[{"taxonomy":"category","embeddable":true,"href":"https:\/\/www.egemtv.com\/index.php?rest_route=%2Fwp%2Fv2%2Fcategories&post=16251"},{"taxonomy":"post_tag","embeddable":true,"href":"https:\/\/www.egemtv.com\/index.php?rest_route=%2Fwp%2Fv2%2Ftags&post=16251"}],"curies":[{"name":"wp","href":"https:\/\/api.w.org\/{rel}","templated":true}]}}