{"id":16248,"date":"2025-02-06T15:27:41","date_gmt":"2025-02-06T12:27:41","guid":{"rendered":"https:\/\/www.egemtv.com\/?p=16248"},"modified":"2025-02-06T15:27:44","modified_gmt":"2025-02-06T12:27:44","slug":"usak-universitesi-yeni-donem-stratejik-planini-paydaslarla-degerlendirdi","status":"publish","type":"post","link":"https:\/\/www.egemtv.com\/?p=16248","title":{"rendered":"U\u015fak \u00dcniversitesi yeni d\u00f6nem stratejik plan\u0131n\u0131 payda\u015flarla de\u011ferlendirdi"},"content":{"rendered":"<p>U\u015fak \u00dcniversitesi, i\u00e7 ve d\u0131\u015f payda\u015flar\u0131n\u0131n kat\u0131l\u0131m\u0131yla \u2018Strateji ve Kalite\u2019 \u00e7al\u0131\u015ftay\u0131 d\u00fczenledi.<br \/>\n<br \/>U\u015fak \u00dcniversitesi taraf\u0131ndan Recep Tayyip Erdo\u011fan Kongre ve K\u00fclt\u00fcr Merkezinde, \u00fcniversitenin akademik ve idari birimleri ile \u00fcniversitenin d\u0131\u015f payda\u015flar\u0131n\u0131n bir araya geldi\u011fi \u2018Strateji ve Kalite\u2019 \u00e7al\u0131\u015ftay\u0131 ger\u00e7ekle\u015ftirildi.<\/p>\n<p>U\u015fak \u00dcniversitesi fak\u00fclte, y\u00fcksekokul, meslek y\u00fcksekokulu, ara\u015ft\u0131rma ve uygulama merkezleri, koordinat\u00f6rl\u00fckler, idari ba\u015fkanl\u0131klar ile U\u015fak\u2019ta bulunan kamu kurum ve kurulu\u015flar\u0131, STK\u2019lar (sivil toplum kurulu\u015flar\u0131) ile U\u015fak Organize Sanayi B\u00f6lgeleri temsilcilerinin kat\u0131l\u0131m\u0131yla yap\u0131lan \u00e7al\u0131\u015ftayda U\u015fak \u00dcniversitesi\u2019nin Kurumsal Akreditasyon Program\u0131 (KAP) sonras\u0131 yapt\u0131\u011f\u0131 iyile\u015ftirmeler, 2020-2024 d\u00f6nemi stratejik plan\u0131n\u0131n kapan\u0131\u015f\u0131 ve 2025-2029 d\u00f6nemi stratejik plan tan\u0131t\u0131m\u0131 yap\u0131larak i\u00e7 ve d\u0131\u015f payda\u015flar\u0131n g\u00f6r\u00fc\u015f ve de\u011ferlendirmeleri al\u0131nd\u0131.<\/p>\n<p>U\u015fak \u00dcniversitesi Rekt\u00f6r\u00fc Prof. Dr. Ekrem Sava\u015f, \u00e7al\u0131\u015ftay\u0131n a\u00e7\u0131l\u0131\u015f\u0131nda yapt\u0131\u011f\u0131 konu\u015fmada, U\u015fak \u00dcniversitesi\u2019nin \u00f6nemli bir d\u00f6n\u00fcm noktas\u0131n\u0131 payda\u015flarla de\u011ferlendirmek ve yeni bir d\u00f6nemin ba\u015flang\u0131c\u0131n\u0131 g\u00f6rmek \u00fczere bu \u00e7al\u0131\u015ftay\u0131n d\u00fczenlendi\u011fini belirtti. Rekt\u00f6r Prof. Dr. Sava\u015f konu\u015fmas\u0131nda \u2018\u2018\u00d6ncelikle, 2020-2024 Stratejik Plan\u0131 s\u00fcresince g\u00f6sterdi\u011fi \u00e7abalar i\u00e7in t\u00fcm akademik ve idari kadromuza te\u015fekk\u00fcr etmek isterim. Bu be\u015f y\u0131ll\u0131k d\u00f6nemde, e\u011fitim kalitesinin art\u0131r\u0131lmas\u0131, ara\u015ft\u0131rma ve ihtisasla\u015fma faaliyetlerinin g\u00fc\u00e7lendirilmesi, toplumsal sorumluluk projelerinin yayg\u0131nla\u015ft\u0131r\u0131lmas\u0131 ve uluslararas\u0131la\u015fma s\u00fcrecine katk\u0131 sa\u011flanmas\u0131 noktas\u0131nda b\u00fcy\u00fck ad\u0131mlar at\u0131lm\u0131\u015ft\u0131r. \u015eimdi ise, 2025-2029 Stratejik Plan\u0131 ile gelece\u011fe y\u00f6nelik daha da b\u00fcy\u00fck hedefler koyma zaman\u0131d\u0131r. Bu yeni stratejik plan, sadece akademik ba\u015far\u0131lar\u0131m\u0131z\u0131 daha ileriye ta\u015f\u0131makla kalmayacak, ayn\u0131 zamanda topluma, \u00e7evremize ve d\u00fcnyaya katk\u0131 sa\u011flayan bir \u00dcniversite olma yolunda at\u0131lacak \u00f6nemli ad\u0131mlar\u0131n haritas\u0131n\u0131 \u00e7izecektir\u2019\u2019 ifadelerini kulland\u0131.<\/p>\n<p>Yeni plan, \u00dcniversitemizi daha ileriye ta\u015f\u0131yacak.&#8221;<br \/>\n<br \/>U\u015fak \u00dcniversitesi 2025-2029 Stratejik Plan\u0131nda, \u00f6ncelikli hedeflerinin aras\u0131nda e\u011fitimde dijitalle\u015fme, s\u00fcrd\u00fcr\u00fclebilirlik, yenilik\u00e7i ara\u015ft\u0131rmalar, uluslararas\u0131 i\u015f birlikleri ve ihtisasla\u015fma alanlar\u0131 olan deri, tekstil ve seramik gibi konularda derinle\u015ferek, bu alanlarda uzmanla\u015fmak, hem ulusal hem de uluslararas\u0131 d\u00fczeyde tan\u0131nan, \u00f6nc\u00fc bir \u00fcniversite haline gelmenin yer ald\u0131\u011f\u0131n\u0131 aktaran Prof. Dr. Sava\u015f \u2018\u2018\u00dcniversitemizi daha da g\u00fc\u00e7l\u00fc bir e\u011fitim ve ara\u015ft\u0131rma merkezi haline getirmek i\u00e7in hem yerel hem de k\u00fcresel \u00f6l\u00e7ekte etkile\u015fimli bir yap\u0131y\u0131 te\u015fvik etmeyi ama\u00e7l\u0131yoruz.  \u00dcniversitemizin her bir biriminin katk\u0131 sa\u011flayaca\u011f\u0131, g\u00fc\u00e7l\u00fc bir i\u015fbirli\u011fi ve kat\u0131l\u0131mc\u0131 bir planlama s\u00fcreci i\u00e7erisinde, stratejik hedeflerimize ula\u015fmak i\u00e7in \u00e7al\u0131\u015fmalar\u0131m\u0131za h\u0131z kesmeden devam edece\u011fiz. Hep birlikte, bu yolculukta her birimizin \u00fcstlenece\u011fi \u00f6nemli g\u00f6revler oldu\u011funu unutmadan, ortak ak\u0131lla ilerleyece\u011fiz. Bu yolculukta siz k\u0131ymetli payda\u015flar\u0131m\u0131z\u0131n g\u00f6r\u00fc\u015f ve \u00f6nerileri bizlere \u0131\u015f\u0131k tutacakt\u0131r\u2019\u2019 \u015feklinde konu\u015ftu.<br \/>\n<br \/>Rekt\u00f6r Sava\u015f yeni stratejik plan\u0131n hayata ge\u00e7mesinde eme\u011fi ge\u00e7en t\u00fcm payda\u015flara te\u015fekk\u00fcr ederek \u2018\u2018U\u015fak \u00dcniversitesi olarak, kalite, e\u011fitim-\u00f6\u011fretim, Ar-Ge ve \u0130htisasla\u015fma ile toplumsal katk\u0131 alanlar\u0131nda daha b\u00fcy\u00fck ba\u015far\u0131lara imza ataca\u011f\u0131m\u0131za olan inanc\u0131m\u0131z tamd\u0131r. Hep birlikte, U\u015fak \u00dcniversitesi\u2019ni daha ayd\u0131nl\u0131k bir gelece\u011fe ta\u015f\u0131mak i\u00e7in var g\u00fcc\u00fcm\u00fczle \u00e7al\u0131\u015faca\u011f\u0131m\u0131za olan inanc\u0131m\u0131z\u0131 yineleyerek, yeni d\u00f6nemin hay\u0131rl\u0131 olmas\u0131n\u0131 temenni ediyorum\u2019\u2019 dedi.<\/p>\n<p>KAP ve stratejik plan \u00e7al\u0131\u015fmalar\u0131 de\u011ferlendirildi<br \/>\n<br \/>Kalite ve E\u011fitimden Sorumlu Rekt\u00f6r Yard\u0131mc\u0131s\u0131 Prof. Dr. Kenan Ta\u015f, &#8220;KAP Sonras\u0131 \u0130yile\u015ftirmeler&#8221; ba\u015fl\u0131kl\u0131 sunumunda U\u015fak \u00dcniversitesi\u2019nin kalite akreditasyon \u00e7al\u0131\u015fmalar\u0131nda kaydetti\u011fi ilerlemeleri detayland\u0131rd\u0131. Ta\u015f, &#8220;Kurumsal akreditasyon s\u00fcreci sadece bir belge almak de\u011fil, ayn\u0131 zamanda e\u011fitim ve y\u00f6netim kalitesini s\u00fcrekli olarak geli\u015ftirmek anlam\u0131na gelir. Bu kapsamda akademik programlar\u0131m\u0131z\u0131, idari i\u015fleyi\u015fimizi, \u00f6\u011frenci merkezli yakla\u015f\u0131mlar\u0131m\u0131z\u0131 ve payda\u015flar\u0131m\u0131zla olan ili\u015fkilerimizi g\u00fcncellemeye, geli\u015ftirmeye, daha da ileriye ta\u015f\u0131maya devam ediyoruz&#8221; ifadelerini kulland\u0131.<\/p>\n<p>U\u015fak \u00dcniversitesi Strateji Geli\u015ftirme Daire Ba\u015fkan\u0131 Faruk Alabay ise 2020-2024 d\u00f6nemi stratejik plan\u0131n\u0131n kapan\u0131\u015f\u0131n\u0131 ve de\u011ferlendirmesini yaparak 2025-2029 d\u00f6nemi stratejik plan tan\u0131t\u0131m\u0131n\u0131 yapt\u0131. Alabay sunumunda &#8220;2020-2024 d\u00f6neminde \u00fcniversitemiz \u00e7e\u015fitli alanlarda b\u00fcy\u00fck ilerlemeler kaydetti. \u00dcniversitemizin 2025-2029 y\u0131llar\u0131n\u0131 kapsayacak 4\u2019\u00fcnc\u00fc stratejik plan\u0131, Kurumsal Akreditasyon Program\u0131 (KAP) Geri Bildirim Raporu, 2020-2024 Stratejik Plan ger\u00e7ekle\u015fmeleri, \u00fcst politika belgeleri (12.Kalk\u0131nma Plan\u0131 (2024-2028), Orta Vadeli Program (2024-2026), 2024 Y\u0131l\u0131 Cumhurba\u015fkanl\u0131\u011f\u0131 Y\u0131ll\u0131k Program\u0131, Birle\u015fmi\u015f Milletler S\u00fcrd\u00fcr\u00fclebilir Kalk\u0131nma Ama\u00e7lar\u0131 dikkate alarak haz\u0131rlanm\u0131\u015ft\u0131r. Yeni plan\u0131m\u0131z i\u00e7 ve d\u0131\u015f payda\u015flar\u0131n kat\u0131l\u0131m\u0131n\u0131 sa\u011flayacak bir yakla\u015f\u0131mla haz\u0131rlanm\u0131\u015ft\u0131r\u2019\u2019 ifadelerini kulland\u0131.<br \/>\n<br \/>\u00c7al\u0131\u015ftay, payda\u015flar\u0131n g\u00f6r\u00fc\u015f ve \u00f6nerilerinin al\u0131nmas\u0131n\u0131n ard\u0131ndan sona erdi.<br \/><\/p>\n","protected":false},"excerpt":{"rendered":"<p>U\u015fak \u00dcniversitesi, i\u00e7 ve d\u0131\u015f payda\u015flar\u0131n\u0131n kat\u0131l\u0131m\u0131yla \u2018Strateji ve Kalite\u2019 \u00e7al\u0131\u015ftay\u0131 d\u00fczenledi. U\u015fak \u00dcniversitesi taraf\u0131ndan Recep Tayyip Erdo\u011fan Kongre ve K\u00fclt\u00fcr Merkezinde, \u00fcniversitenin akademik ve idari birimleri ile \u00fcniversitenin d\u0131\u015f payda\u015flar\u0131n\u0131n bir araya geldi\u011fi \u2018Strateji ve Kalite\u2019 \u00e7al\u0131\u015ftay\u0131 ger\u00e7ekle\u015ftirildi. U\u015fak \u00dcniversitesi fak\u00fclte, y\u00fcksekokul, meslek y\u00fcksekokulu, ara\u015ft\u0131rma ve uygulama merkezleri, koordinat\u00f6rl\u00fckler, idari ba\u015fkanl\u0131klar ile U\u015fak\u2019ta bulunan&#8230;<\/p>\n","protected":false},"author":1,"featured_media":16249,"comment_status":"open","ping_status":"open","sticky":false,"template":"","format":"standard","meta":{"_crdt_document":"","footnotes":""},"categories":[1],"tags":[],"class_list":["post-16248","post","type-post","status-publish","format-standard","has-post-thumbnail","hentry","category-guncel"],"_links":{"self":[{"href":"https:\/\/www.egemtv.com\/index.php?rest_route=\/wp\/v2\/posts\/16248","targetHints":{"allow":["GET"]}}],"collection":[{"href":"https:\/\/www.egemtv.com\/index.php?rest_route=\/wp\/v2\/posts"}],"about":[{"href":"https:\/\/www.egemtv.com\/index.php?rest_route=\/wp\/v2\/types\/post"}],"author":[{"embeddable":true,"href":"https:\/\/www.egemtv.com\/index.php?rest_route=\/wp\/v2\/users\/1"}],"replies":[{"embeddable":true,"href":"https:\/\/www.egemtv.com\/index.php?rest_route=%2Fwp%2Fv2%2Fcomments&post=16248"}],"version-history":[{"count":1,"href":"https:\/\/www.egemtv.com\/index.php?rest_route=\/wp\/v2\/posts\/16248\/revisions"}],"predecessor-version":[{"id":16250,"href":"https:\/\/www.egemtv.com\/index.php?rest_route=\/wp\/v2\/posts\/16248\/revisions\/16250"}],"wp:featuredmedia":[{"embeddable":true,"href":"https:\/\/www.egemtv.com\/index.php?rest_route=\/wp\/v2\/media\/16249"}],"wp:attachment":[{"href":"https:\/\/www.egemtv.com\/index.php?rest_route=%2Fwp%2Fv2%2Fmedia&parent=16248"}],"wp:term":[{"taxonomy":"category","embeddable":true,"href":"https:\/\/www.egemtv.com\/index.php?rest_route=%2Fwp%2Fv2%2Fcategories&post=16248"},{"taxonomy":"post_tag","embeddable":true,"href":"https:\/\/www.egemtv.com\/index.php?rest_route=%2Fwp%2Fv2%2Ftags&post=16248"}],"curies":[{"name":"wp","href":"https:\/\/api.w.org\/{rel}","templated":true}]}}