{"id":16241,"date":"2025-02-06T15:19:50","date_gmt":"2025-02-06T12:19:50","guid":{"rendered":"https:\/\/www.egemtv.com\/?p=16241"},"modified":"2025-02-06T15:19:55","modified_gmt":"2025-02-06T12:19:55","slug":"guney-ege-denizinde-firtina-uyarisi","status":"publish","type":"post","link":"https:\/\/www.egemtv.com\/?p=16241","title":{"rendered":"G\u00fcney Ege Denizi\u2019nde f\u0131rt\u0131na uyar\u0131s\u0131"},"content":{"rendered":"<p>Ege Denizi\u2019nde r\u00fczgar\u0131n yar\u0131n sabah saatlerinden itibaren f\u0131rt\u0131na \u015feklinde esmesi beklenirken, meteoroloji f\u0131rt\u0131na konusunda uyar\u0131larda bulundu.<\/p>\n<p>Meteoroloji 2. B\u00f6lge M\u00fcd\u00fcrl\u00fc\u011f\u00fc B\u00f6lge Tahmin ve Erken Uyar\u0131 Merkezi\u2019nden yap\u0131lan payla\u015f\u0131mda &#8220;G\u00fcney Ege\u2019de kuzey ve kuzeybat\u0131dan 6 ila 8 kuvvetinde (50-75 km\/saat) f\u0131rt\u0131na \u015feklinde esmekte olan r\u00fczgar\u0131n, Cuma g\u00fcn\u00fc (07.02.2025) ilk saatlerden itibaren kuzey ve kuzeydo\u011fu y\u00f6nlerden 6 ila 8 kuvvetinde (50-75 km\/saat) f\u0131rt\u0131na \u015feklinde esece\u011fi, G\u00fcney Ege\u2019nin g\u00fcneyinde Cuma g\u00fcn\u00fc (07.02.2025) ak\u015fam saatlerinde, G\u00fcney Ege\u2019nin kuzeyinde ise Cumartesi g\u00fcn\u00fc (08.02.2025) ak\u015fam saatlerinde etkisini kaybedece\u011fi tahmin edilmektedir. Ula\u015f\u0131mda aksamalar\u0131n olma ihtimali de bulunmaktad\u0131r&#8221; ifadeleri yer ald\u0131.<br \/><\/p>\n","protected":false},"excerpt":{"rendered":"<p>Ege Denizi\u2019nde r\u00fczgar\u0131n yar\u0131n sabah saatlerinden itibaren f\u0131rt\u0131na \u015feklinde esmesi beklenirken, meteoroloji f\u0131rt\u0131na konusunda uyar\u0131larda bulundu. Meteoroloji 2. B\u00f6lge M\u00fcd\u00fcrl\u00fc\u011f\u00fc B\u00f6lge Tahmin ve Erken Uyar\u0131 Merkezi\u2019nden yap\u0131lan payla\u015f\u0131mda &#8220;G\u00fcney Ege\u2019de kuzey ve kuzeybat\u0131dan 6 ila 8 kuvvetinde (50-75 km\/saat) f\u0131rt\u0131na \u015feklinde esmekte olan r\u00fczgar\u0131n, Cuma g\u00fcn\u00fc (07.02.2025) ilk saatlerden itibaren kuzey ve kuzeydo\u011fu y\u00f6nlerden 6&#8230;<\/p>\n","protected":false},"author":1,"featured_media":16242,"comment_status":"open","ping_status":"open","sticky":false,"template":"","format":"standard","meta":{"_crdt_document":"","footnotes":""},"categories":[1],"tags":[],"class_list":["post-16241","post","type-post","status-publish","format-standard","has-post-thumbnail","hentry","category-guncel"],"_links":{"self":[{"href":"https:\/\/www.egemtv.com\/index.php?rest_route=\/wp\/v2\/posts\/16241","targetHints":{"allow":["GET"]}}],"collection":[{"href":"https:\/\/www.egemtv.com\/index.php?rest_route=\/wp\/v2\/posts"}],"about":[{"href":"https:\/\/www.egemtv.com\/index.php?rest_route=\/wp\/v2\/types\/post"}],"author":[{"embeddable":true,"href":"https:\/\/www.egemtv.com\/index.php?rest_route=\/wp\/v2\/users\/1"}],"replies":[{"embeddable":true,"href":"https:\/\/www.egemtv.com\/index.php?rest_route=%2Fwp%2Fv2%2Fcomments&post=16241"}],"version-history":[{"count":1,"href":"https:\/\/www.egemtv.com\/index.php?rest_route=\/wp\/v2\/posts\/16241\/revisions"}],"predecessor-version":[{"id":16246,"href":"https:\/\/www.egemtv.com\/index.php?rest_route=\/wp\/v2\/posts\/16241\/revisions\/16246"}],"wp:featuredmedia":[{"embeddable":true,"href":"https:\/\/www.egemtv.com\/index.php?rest_route=\/wp\/v2\/media\/16242"}],"wp:attachment":[{"href":"https:\/\/www.egemtv.com\/index.php?rest_route=%2Fwp%2Fv2%2Fmedia&parent=16241"}],"wp:term":[{"taxonomy":"category","embeddable":true,"href":"https:\/\/www.egemtv.com\/index.php?rest_route=%2Fwp%2Fv2%2Fcategories&post=16241"},{"taxonomy":"post_tag","embeddable":true,"href":"https:\/\/www.egemtv.com\/index.php?rest_route=%2Fwp%2Fv2%2Ftags&post=16241"}],"curies":[{"name":"wp","href":"https:\/\/api.w.org\/{rel}","templated":true}]}}