{"id":16235,"date":"2025-02-06T15:19:43","date_gmt":"2025-02-06T12:19:43","guid":{"rendered":"https:\/\/www.egemtv.com\/?p=16235"},"modified":"2025-02-06T15:19:49","modified_gmt":"2025-02-06T12:19:49","slug":"sokede-firtina-apartman-catisini-ucurdu","status":"publish","type":"post","link":"https:\/\/www.egemtv.com\/?p=16235","title":{"rendered":"S\u00f6ke\u2019de f\u0131rt\u0131na apartman \u00e7at\u0131s\u0131n\u0131 u\u00e7urdu"},"content":{"rendered":"<p>Ayd\u0131n\u2019\u0131n S\u00f6ke il\u00e7esinde d\u00fcn ak\u015fam saatlerinde etkili olan f\u0131rt\u0131na, Konak Mahallesi Cengiz Sokak\u2019ta bir apartman\u0131n \u00e7at\u0131s\u0131n\u0131 u\u00e7urdu. Olayda can kayb\u0131 veya yaralanma ya\u015fanmazken, b\u00fcy\u00fck panik meydana geldi.<\/p>\n<p>Apartman sakinlerinin ihbar\u0131 \u00fczerine olay yerine polis, zab\u0131ta ve itfaiye ekipleri sevk edildi. G\u00fcvenlik \u00f6nlemleri kapsam\u0131nda sokak trafi\u011fe kapat\u0131l\u0131rken, ekipler \u00e7evrede inceleme yaparak gerekli tedbirleri ald\u0131. \u015eiddetli r\u00fczgar\u0131n neden oldu\u011fu olay, mahallede korku dolu anlara sebep olurken, yetkililer vatanda\u015flar\u0131 dikkatli olmalar\u0131 konusunda uyard\u0131.<br \/><\/p>\n","protected":false},"excerpt":{"rendered":"<p>Ayd\u0131n\u2019\u0131n S\u00f6ke il\u00e7esinde d\u00fcn ak\u015fam saatlerinde etkili olan f\u0131rt\u0131na, Konak Mahallesi Cengiz Sokak\u2019ta bir apartman\u0131n \u00e7at\u0131s\u0131n\u0131 u\u00e7urdu. Olayda can kayb\u0131 veya yaralanma ya\u015fanmazken, b\u00fcy\u00fck panik meydana geldi. Apartman sakinlerinin ihbar\u0131 \u00fczerine olay yerine polis, zab\u0131ta ve itfaiye ekipleri sevk edildi. G\u00fcvenlik \u00f6nlemleri kapsam\u0131nda sokak trafi\u011fe kapat\u0131l\u0131rken, ekipler \u00e7evrede inceleme yaparak gerekli tedbirleri ald\u0131. \u015eiddetli r\u00fczgar\u0131n&#8230;<\/p>\n","protected":false},"author":1,"featured_media":16236,"comment_status":"open","ping_status":"open","sticky":false,"template":"","format":"standard","meta":{"_crdt_document":"","footnotes":""},"categories":[5],"tags":[],"class_list":["post-16235","post","type-post","status-publish","format-standard","has-post-thumbnail","hentry","category-asayis"],"_links":{"self":[{"href":"https:\/\/www.egemtv.com\/index.php?rest_route=\/wp\/v2\/posts\/16235","targetHints":{"allow":["GET"]}}],"collection":[{"href":"https:\/\/www.egemtv.com\/index.php?rest_route=\/wp\/v2\/posts"}],"about":[{"href":"https:\/\/www.egemtv.com\/index.php?rest_route=\/wp\/v2\/types\/post"}],"author":[{"embeddable":true,"href":"https:\/\/www.egemtv.com\/index.php?rest_route=\/wp\/v2\/users\/1"}],"replies":[{"embeddable":true,"href":"https:\/\/www.egemtv.com\/index.php?rest_route=%2Fwp%2Fv2%2Fcomments&post=16235"}],"version-history":[{"count":1,"href":"https:\/\/www.egemtv.com\/index.php?rest_route=\/wp\/v2\/posts\/16235\/revisions"}],"predecessor-version":[{"id":16240,"href":"https:\/\/www.egemtv.com\/index.php?rest_route=\/wp\/v2\/posts\/16235\/revisions\/16240"}],"wp:featuredmedia":[{"embeddable":true,"href":"https:\/\/www.egemtv.com\/index.php?rest_route=\/wp\/v2\/media\/16236"}],"wp:attachment":[{"href":"https:\/\/www.egemtv.com\/index.php?rest_route=%2Fwp%2Fv2%2Fmedia&parent=16235"}],"wp:term":[{"taxonomy":"category","embeddable":true,"href":"https:\/\/www.egemtv.com\/index.php?rest_route=%2Fwp%2Fv2%2Fcategories&post=16235"},{"taxonomy":"post_tag","embeddable":true,"href":"https:\/\/www.egemtv.com\/index.php?rest_route=%2Fwp%2Fv2%2Ftags&post=16235"}],"curies":[{"name":"wp","href":"https:\/\/api.w.org\/{rel}","templated":true}]}}