{"id":16221,"date":"2025-02-06T15:04:46","date_gmt":"2025-02-06T12:04:46","guid":{"rendered":"https:\/\/www.egemtv.com\/?p=16221"},"modified":"2025-02-06T15:04:51","modified_gmt":"2025-02-06T12:04:51","slug":"muglada-kahramanmaras-depremlerinin-ikinci-yilinda-hayir-carsisi-acildi","status":"publish","type":"post","link":"https:\/\/www.egemtv.com\/?p=16221","title":{"rendered":"Mu\u011fla\u2019da Kahramanmara\u015f depremlerinin ikinci y\u0131l\u0131nda hay\u0131r \u00e7ar\u015f\u0131s\u0131 a\u00e7\u0131ld\u0131"},"content":{"rendered":"<p>Kahramanmara\u015f merkezli depremlerin 2\u2019inci y\u0131l d\u00f6n\u00fcm\u00fcnde, T\u00fcrkiye Diyanet Vakf\u0131 Mu\u011fla \u015eubesi taraf\u0131ndan Kur\u015funlu Camii yan\u0131nda &#8220;Hay\u0131r \u00c7ar\u015f\u0131s\u0131&#8221; a\u00e7\u0131ld\u0131. B\u00fcy\u00fck ilgi g\u00f6ren etkinlik kapsam\u0131nda, \u00f6\u011fle namaz\u0131 \u00f6ncesinde Kur\u015funlu Camii\u2019nde Mevlid-i \u015eerif okunarak, depremde hayat\u0131n\u0131 kaybeden vatanda\u015flar i\u00e7in dualar edildi.<\/p>\n<p>Mu\u011fla \u0130l M\u00fcft\u00fcs\u00fc Ya\u015far \u00c7ap\u00e7\u0131, T\u00fcrkiye\u2019nin ya\u015fad\u0131\u011f\u0131 en b\u00fcy\u00fck felaketlerden biri olan Kahramanmara\u015f depremlerinde vefat eden vatanda\u015flar i\u00e7in Mevlid-i \u015eerif ve Kur\u2019an-\u0131 Kerim tilaveti d\u00fczenlendi\u011fini belirterek, &#8220;Depremden etkilenen karde\u015flerimiz i\u00e7in Hay\u0131r \u00c7ar\u015f\u0131s\u0131 kurduk. T\u00fcrkiye Diyanet Vakf\u0131 Mu\u011fla \u015eubesi olarak, Kur\u015funlu Camii yan\u0131nda olu\u015fturdu\u011fumuz bu \u00e7ar\u015f\u0131ya vatanda\u015flar\u0131m\u0131z yo\u011fun ilgi g\u00f6sterdi. Kat\u0131l\u0131m sa\u011flayan herkese te\u015fekk\u00fcr ediyor, vefat eden karde\u015flerimize Allah\u2019tan rahmet, yaral\u0131lara \u015fifa diliyoruz&#8221; dedi.<\/p>\n<p>Namaz sonras\u0131 Mu\u011fla Valisi Dr. \u0130dris Akb\u0131y\u0131k, Hay\u0131r \u00c7ar\u015f\u0131s\u0131\u2019n\u0131 ziyaret ederek, eme\u011fi ge\u00e7enlere te\u015fekk\u00fcr etti.<br \/><\/p>\n","protected":false},"excerpt":{"rendered":"<p>Kahramanmara\u015f merkezli depremlerin 2\u2019inci y\u0131l d\u00f6n\u00fcm\u00fcnde, T\u00fcrkiye Diyanet Vakf\u0131 Mu\u011fla \u015eubesi taraf\u0131ndan Kur\u015funlu Camii yan\u0131nda &#8220;Hay\u0131r \u00c7ar\u015f\u0131s\u0131&#8221; a\u00e7\u0131ld\u0131. B\u00fcy\u00fck ilgi g\u00f6ren etkinlik kapsam\u0131nda, \u00f6\u011fle namaz\u0131 \u00f6ncesinde Kur\u015funlu Camii\u2019nde Mevlid-i \u015eerif okunarak, depremde hayat\u0131n\u0131 kaybeden vatanda\u015flar i\u00e7in dualar edildi. Mu\u011fla \u0130l M\u00fcft\u00fcs\u00fc Ya\u015far \u00c7ap\u00e7\u0131, T\u00fcrkiye\u2019nin ya\u015fad\u0131\u011f\u0131 en b\u00fcy\u00fck felaketlerden biri olan Kahramanmara\u015f depremlerinde vefat eden vatanda\u015flar&#8230;<\/p>\n","protected":false},"author":1,"featured_media":16222,"comment_status":"open","ping_status":"open","sticky":false,"template":"","format":"standard","meta":{"_crdt_document":"","footnotes":""},"categories":[1],"tags":[],"class_list":["post-16221","post","type-post","status-publish","format-standard","has-post-thumbnail","hentry","category-guncel"],"_links":{"self":[{"href":"https:\/\/www.egemtv.com\/index.php?rest_route=\/wp\/v2\/posts\/16221","targetHints":{"allow":["GET"]}}],"collection":[{"href":"https:\/\/www.egemtv.com\/index.php?rest_route=\/wp\/v2\/posts"}],"about":[{"href":"https:\/\/www.egemtv.com\/index.php?rest_route=\/wp\/v2\/types\/post"}],"author":[{"embeddable":true,"href":"https:\/\/www.egemtv.com\/index.php?rest_route=\/wp\/v2\/users\/1"}],"replies":[{"embeddable":true,"href":"https:\/\/www.egemtv.com\/index.php?rest_route=%2Fwp%2Fv2%2Fcomments&post=16221"}],"version-history":[{"count":1,"href":"https:\/\/www.egemtv.com\/index.php?rest_route=\/wp\/v2\/posts\/16221\/revisions"}],"predecessor-version":[{"id":16223,"href":"https:\/\/www.egemtv.com\/index.php?rest_route=\/wp\/v2\/posts\/16221\/revisions\/16223"}],"wp:featuredmedia":[{"embeddable":true,"href":"https:\/\/www.egemtv.com\/index.php?rest_route=\/wp\/v2\/media\/16222"}],"wp:attachment":[{"href":"https:\/\/www.egemtv.com\/index.php?rest_route=%2Fwp%2Fv2%2Fmedia&parent=16221"}],"wp:term":[{"taxonomy":"category","embeddable":true,"href":"https:\/\/www.egemtv.com\/index.php?rest_route=%2Fwp%2Fv2%2Fcategories&post=16221"},{"taxonomy":"post_tag","embeddable":true,"href":"https:\/\/www.egemtv.com\/index.php?rest_route=%2Fwp%2Fv2%2Ftags&post=16221"}],"curies":[{"name":"wp","href":"https:\/\/api.w.org\/{rel}","templated":true}]}}