{"id":16218,"date":"2025-02-06T14:58:37","date_gmt":"2025-02-06T11:58:37","guid":{"rendered":"https:\/\/www.egemtv.com\/?p=16218"},"modified":"2025-02-06T14:58:41","modified_gmt":"2025-02-06T11:58:41","slug":"aydinli-sehidin-son-goruntuleri-duygulandirdi","status":"publish","type":"post","link":"https:\/\/www.egemtv.com\/?p=16218","title":{"rendered":"Ayd\u0131nl\u0131 \u015fehidin son g\u00f6r\u00fcnt\u00fcleri duyguland\u0131rd\u0131"},"content":{"rendered":"<p>Pen\u00e7e-Kilit operasyonu b\u00f6lgesinde b\u00f6l\u00fcc\u00fc ter\u00f6r \u00f6rg\u00fct\u00fc mensuplar\u0131 ile \u00e7\u0131kan \u00e7at\u0131\u015fmada \u015fehit d\u00fc\u015fen Ayd\u0131nl\u0131 Piyade Komando Binba\u015f\u0131 Murat Kemal Yeti\u015fen\u2019in, bir d\u00fc\u011f\u00fcnde zeybek oynad\u0131\u011f\u0131 g\u00f6r\u00fcnt\u00fcleri izleyenleri duyguland\u0131rd\u0131.<br \/>\n<br \/>Kuzey Irak\u2019ta y\u00fcr\u00fct\u00fclen Pen\u00e7e-Kilit operasyonu b\u00f6lgesinde 5 \u015eubat 2025 tarihinde, arama tarama faaliyetleri esnas\u0131nda b\u00f6l\u00fcc\u00fc ter\u00f6r \u00f6rg\u00fct\u00fc mensuplar\u0131 ile \u00e7\u0131kan \u00e7at\u0131\u015fmada Piyade Komando Binba\u015f\u0131 Murat Kemal Yeti\u015fen \u015fehit oldu. Ayd\u0131nl\u0131 \u015fehit Binba\u015f\u0131 Yeti\u015fen\u2019in bir d\u00fc\u011f\u00fcnde zeybek oynad\u0131\u011f\u0131 g\u00f6r\u00fcnt\u00fcleri ise izleyenleri duyguland\u0131rd\u0131.<br \/>\n<br \/>\u015eehidin naa\u015f\u0131, bug\u00fcn ikindi namaz\u0131n\u0131 m\u00fcteakip Ayd\u0131n Bey Camii\u2019nde k\u0131l\u0131nacak cenaze namaz\u0131n\u0131n ard\u0131ndan Kemer Mezarl\u0131\u011f\u0131na defnedilecek.<br \/><\/p>\n","protected":false},"excerpt":{"rendered":"<p>Pen\u00e7e-Kilit operasyonu b\u00f6lgesinde b\u00f6l\u00fcc\u00fc ter\u00f6r \u00f6rg\u00fct\u00fc mensuplar\u0131 ile \u00e7\u0131kan \u00e7at\u0131\u015fmada \u015fehit d\u00fc\u015fen Ayd\u0131nl\u0131 Piyade Komando Binba\u015f\u0131 Murat Kemal Yeti\u015fen\u2019in, bir d\u00fc\u011f\u00fcnde zeybek oynad\u0131\u011f\u0131 g\u00f6r\u00fcnt\u00fcleri izleyenleri duyguland\u0131rd\u0131. Kuzey Irak\u2019ta y\u00fcr\u00fct\u00fclen Pen\u00e7e-Kilit operasyonu b\u00f6lgesinde 5 \u015eubat 2025 tarihinde, arama tarama faaliyetleri esnas\u0131nda b\u00f6l\u00fcc\u00fc ter\u00f6r \u00f6rg\u00fct\u00fc mensuplar\u0131 ile \u00e7\u0131kan \u00e7at\u0131\u015fmada Piyade Komando Binba\u015f\u0131 Murat Kemal Yeti\u015fen \u015fehit oldu&#8230;.<\/p>\n","protected":false},"author":1,"featured_media":16219,"comment_status":"open","ping_status":"open","sticky":false,"template":"","format":"standard","meta":{"_crdt_document":"","footnotes":""},"categories":[1],"tags":[],"class_list":["post-16218","post","type-post","status-publish","format-standard","has-post-thumbnail","hentry","category-guncel"],"_links":{"self":[{"href":"https:\/\/www.egemtv.com\/index.php?rest_route=\/wp\/v2\/posts\/16218","targetHints":{"allow":["GET"]}}],"collection":[{"href":"https:\/\/www.egemtv.com\/index.php?rest_route=\/wp\/v2\/posts"}],"about":[{"href":"https:\/\/www.egemtv.com\/index.php?rest_route=\/wp\/v2\/types\/post"}],"author":[{"embeddable":true,"href":"https:\/\/www.egemtv.com\/index.php?rest_route=\/wp\/v2\/users\/1"}],"replies":[{"embeddable":true,"href":"https:\/\/www.egemtv.com\/index.php?rest_route=%2Fwp%2Fv2%2Fcomments&post=16218"}],"version-history":[{"count":1,"href":"https:\/\/www.egemtv.com\/index.php?rest_route=\/wp\/v2\/posts\/16218\/revisions"}],"predecessor-version":[{"id":16220,"href":"https:\/\/www.egemtv.com\/index.php?rest_route=\/wp\/v2\/posts\/16218\/revisions\/16220"}],"wp:featuredmedia":[{"embeddable":true,"href":"https:\/\/www.egemtv.com\/index.php?rest_route=\/wp\/v2\/media\/16219"}],"wp:attachment":[{"href":"https:\/\/www.egemtv.com\/index.php?rest_route=%2Fwp%2Fv2%2Fmedia&parent=16218"}],"wp:term":[{"taxonomy":"category","embeddable":true,"href":"https:\/\/www.egemtv.com\/index.php?rest_route=%2Fwp%2Fv2%2Fcategories&post=16218"},{"taxonomy":"post_tag","embeddable":true,"href":"https:\/\/www.egemtv.com\/index.php?rest_route=%2Fwp%2Fv2%2Ftags&post=16218"}],"curies":[{"name":"wp","href":"https:\/\/api.w.org\/{rel}","templated":true}]}}