{"id":16215,"date":"2025-02-06T14:56:07","date_gmt":"2025-02-06T11:56:07","guid":{"rendered":"https:\/\/www.egemtv.com\/?p=16215"},"modified":"2025-02-06T14:56:13","modified_gmt":"2025-02-06T11:56:13","slug":"manisa-bbsk-hentbol-takimindan-tarihi-basari","status":"publish","type":"post","link":"https:\/\/www.egemtv.com\/?p=16215","title":{"rendered":"Manisa BBSK Hentbol Tak\u0131m\u0131ndan tarihi ba\u015far\u0131"},"content":{"rendered":"<p>Manisa B\u00fcy\u00fck\u015fehir Belediyespor Kul\u00fcb\u00fc Hentbol tak\u0131m\u0131, Eski\u015fehir\u2019de d\u00fczenlenen play-off m\u00fcsabakalar\u0131n\u0131n ilk g\u00fcn\u00fcnde Sinop Spor Kul\u00fcb\u00fc\u2019n\u00fc 29-27 ma\u011flup ederek, 1. Lig\u2019e y\u00fckseldi. Kul\u00fcp b\u00fcnyesinde bu sezon kurulan hentbol bran\u015f\u0131nda Manisa BBSK, tarihi bir ba\u015far\u0131ya imza att\u0131. Tecr\u00fcbeli kaleci Leyla G\u00fcm\u00fc\u015fsoy da ma\u00e7 boyunca yapt\u0131\u011f\u0131 kritik kurtar\u0131\u015flarla galibiyetin mimarlar\u0131ndan biri oldu.<br \/>\n<br \/>Manisa B\u00fcy\u00fck\u015fehir Belediyespor Kul\u00fcb\u00fc, \u00f6nemli bir ba\u015far\u0131ya daha imza att\u0131. Bu sezon kul\u00fcp b\u00fcnyesinde ilk kez kurulan hentbol kad\u0131n tak\u0131m\u0131, normal sezonda ortaya koydu\u011fu ba\u015far\u0131l\u0131 performansla ad\u0131ndan s\u00f6z ettirdi. Kul\u00fcp, 1. Lig\u2019e y\u00fckselme finallerine de kalmay\u0131 ba\u015fard\u0131. Eski\u015fehir\u2019de d\u00fczenlenen finallerin ilk g\u00fcn\u00fcnde Sinop Spor Kul\u00fcb\u00fc ile kar\u015f\u0131la\u015fan Manisa BBSK, 29-27\u2019lik skorla ald\u0131\u011f\u0131 galibiyet sonras\u0131nda 1. Lig\u2019e y\u00fckselmeyi garantileyen ilk tak\u0131m oldu. Kaleci Leyla G\u00fcm\u00fc\u015fsoy, ma\u00e7 boyunca yapt\u0131\u011f\u0131 \u00f6nemli kurtar\u0131\u015flarla tak\u0131m\u0131n\u0131n \u00f6ne \u00e7\u0131kan oyuncular\u0131ndan biri oldu. Gizem Koca da att\u0131\u011f\u0131 10 gol ile tak\u0131m\u0131na \u00f6nemli katl\u0131 verdi.<br \/>\n<br \/>Porsuk Spor Salonu\u2019nda oynanan m\u00fccadeleyi, Kul\u00fcp Ba\u015fkan\u0131 Emre Hasg\u00f6r, Hentbol \u015eube Sorumlusu Eray Durukan, Y\u00f6netim Kurulu \u00dcyeleri Murat K\u00fcm\u00fc\u015ftekin, Mesut K\u00f6se, Do\u011fan K\u0131rda\u011f, Bar\u0131\u015f Ali \u00c7\u0131nar, Emre S\u00fcmer ve Kul\u00fcp Genel M\u00fcd\u00fcr\u00fc Alparslan Kaya da trib\u00fcnde takip etti. 1. Lig\u2019e \u00e7\u0131kmay\u0131 ba\u015faran tak\u0131m, galibiyeti doyas\u0131ya kutlad\u0131.<\/p>\n<p>&#8220;\u00c7ok \u00f6nemli bir ba\u015far\u0131ya imza att\u0131k&#8221;<br \/>\n<br \/>Ma\u00e7\u0131n ard\u0131ndan a\u00e7\u0131klamalarda bulunan Manisa BBSK Ba\u015fkan\u0131 Emre Hasg\u00f6r, &#8220;\u00c7ok \u00f6nemli bir ba\u015far\u0131ya imza att\u0131k. Kul\u00fcp olarak amat\u00f6r bran\u015flar\u0131n geli\u015fmesi i\u00e7in yo\u011fun \u00e7aba sarf ediyoruz. Hentbol bran\u015f\u0131n\u0131 da bu sezon ilk kez kurduk ve ilk sezonumuzda 1. Lig\u2019e y\u00fckselme ba\u015far\u0131s\u0131n\u0131 yakalad\u0131k. Sezon ba\u015f\u0131ndan itibaren hedefimizin 1. Lig oldu\u011funu s\u00f6ylemi\u015ftik ve bunu ba\u015fard\u0131\u011f\u0131m\u0131z i\u00e7in \u00e7ok mutluyuz. Bu ba\u015far\u0131y\u0131 yakalayan kadromuzda lisede \u00f6\u011frenim hayat\u0131na devam eden oyuncular da bulunuyor. Bu durum ya\u015fad\u0131\u011f\u0131m\u0131z ba\u015far\u0131y\u0131 daha da anlaml\u0131 k\u0131l\u0131yor. Kul\u00fcp y\u00f6netimimizi, teknik ekibimizi ve oyuncular\u0131m\u0131z\u0131 sezon boyunca ortaya koyduklar\u0131 \u00fcst\u00fcn performanstan dolay\u0131 tebrik ediyorum. B\u00fcy\u00fck\u015fehir Belediye Ba\u015fkan\u0131m\u0131z Ferdi Zeyrek\u2019e verdi\u011fi destekler i\u00e7in te\u015fekk\u00fcr ediyorum&#8221; dedi.<\/p>\n<p>&#8220;Biz, ayn\u0131 hedefe hep birlikte y\u00fcr\u00fcd\u00fck&#8221;<br \/>\n<br \/>Ba\u015fantren\u00f6r Alper Akay ise, &#8220;\u00c7ok yeni bir tak\u0131m\u0131z. Tecr\u00fcbeli isimler ile gen\u00e7 oyunculardan harmanlad\u0131\u011f\u0131m\u0131z ve tak\u0131m kimyas\u0131na dikkat etti\u011fimiz bir kadro kurduk. \u0130lk sezonumuzda da 1. Lig\u2019e y\u00fckselmeyi garantiledik. T\u00fcm oyuncular\u0131m\u0131, teknik ekibimi, \u0130dari Menajerimiz Enes Kaan Soylu\u2019yu ve bize tecr\u00fcbesiyle b\u00fcy\u00fck destek veren G\u00fcrcan Budak\u00e7\u0131 hocam\u0131 tebrik ediyorum. B\u00fcy\u00fck\u015fehir Belediye Ba\u015fkan\u0131m\u0131z Ferdi Zeyrek\u2019e, Kul\u00fcp Ba\u015fkan\u0131m\u0131z Emre Hasg\u00f6r\u2019e Hentbol \u015eube Sorumlumuz Eray Durukan ve Y\u00f6netim Kurulu \u00dcyelerimize, sezon boyunca bize verdikleri destek i\u00e7in te\u015fekk\u00fcr ediyorum. Biz, ayn\u0131 hedefe hep birlikte y\u00fcr\u00fcd\u00fck ve ya\u015fad\u0131\u011f\u0131m\u0131z ba\u015far\u0131 da bunun \u00e7ok \u00f6nemli bir g\u00f6stergesi&#8221; ifadelerini kulland\u0131.<br \/><\/p>\n","protected":false},"excerpt":{"rendered":"<p>Manisa B\u00fcy\u00fck\u015fehir Belediyespor Kul\u00fcb\u00fc Hentbol tak\u0131m\u0131, Eski\u015fehir\u2019de d\u00fczenlenen play-off m\u00fcsabakalar\u0131n\u0131n ilk g\u00fcn\u00fcnde Sinop Spor Kul\u00fcb\u00fc\u2019n\u00fc 29-27 ma\u011flup ederek, 1. Lig\u2019e y\u00fckseldi. Kul\u00fcp b\u00fcnyesinde bu sezon kurulan hentbol bran\u015f\u0131nda Manisa BBSK, tarihi bir ba\u015far\u0131ya imza att\u0131. Tecr\u00fcbeli kaleci Leyla G\u00fcm\u00fc\u015fsoy da ma\u00e7 boyunca yapt\u0131\u011f\u0131 kritik kurtar\u0131\u015flarla galibiyetin mimarlar\u0131ndan biri oldu. Manisa B\u00fcy\u00fck\u015fehir Belediyespor Kul\u00fcb\u00fc, \u00f6nemli bir&#8230;<\/p>\n","protected":false},"author":1,"featured_media":16216,"comment_status":"open","ping_status":"open","sticky":false,"template":"","format":"standard","meta":{"_crdt_document":"","footnotes":""},"categories":[4],"tags":[],"class_list":["post-16215","post","type-post","status-publish","format-standard","has-post-thumbnail","hentry","category-spor"],"_links":{"self":[{"href":"https:\/\/www.egemtv.com\/index.php?rest_route=\/wp\/v2\/posts\/16215","targetHints":{"allow":["GET"]}}],"collection":[{"href":"https:\/\/www.egemtv.com\/index.php?rest_route=\/wp\/v2\/posts"}],"about":[{"href":"https:\/\/www.egemtv.com\/index.php?rest_route=\/wp\/v2\/types\/post"}],"author":[{"embeddable":true,"href":"https:\/\/www.egemtv.com\/index.php?rest_route=\/wp\/v2\/users\/1"}],"replies":[{"embeddable":true,"href":"https:\/\/www.egemtv.com\/index.php?rest_route=%2Fwp%2Fv2%2Fcomments&post=16215"}],"version-history":[{"count":1,"href":"https:\/\/www.egemtv.com\/index.php?rest_route=\/wp\/v2\/posts\/16215\/revisions"}],"predecessor-version":[{"id":16217,"href":"https:\/\/www.egemtv.com\/index.php?rest_route=\/wp\/v2\/posts\/16215\/revisions\/16217"}],"wp:featuredmedia":[{"embeddable":true,"href":"https:\/\/www.egemtv.com\/index.php?rest_route=\/wp\/v2\/media\/16216"}],"wp:attachment":[{"href":"https:\/\/www.egemtv.com\/index.php?rest_route=%2Fwp%2Fv2%2Fmedia&parent=16215"}],"wp:term":[{"taxonomy":"category","embeddable":true,"href":"https:\/\/www.egemtv.com\/index.php?rest_route=%2Fwp%2Fv2%2Fcategories&post=16215"},{"taxonomy":"post_tag","embeddable":true,"href":"https:\/\/www.egemtv.com\/index.php?rest_route=%2Fwp%2Fv2%2Ftags&post=16215"}],"curies":[{"name":"wp","href":"https:\/\/api.w.org\/{rel}","templated":true}]}}