{"id":16212,"date":"2025-02-06T14:53:58","date_gmt":"2025-02-06T11:53:58","guid":{"rendered":"https:\/\/www.egemtv.com\/?p=16212"},"modified":"2025-02-06T14:54:03","modified_gmt":"2025-02-06T11:54:03","slug":"somalilara-solunum-fonksiyon-testi-yapildi","status":"publish","type":"post","link":"https:\/\/www.egemtv.com\/?p=16212","title":{"rendered":"Somal\u0131lara solunum fonksiyon testi yap\u0131ld\u0131"},"content":{"rendered":"<p>Manisa B\u00fcy\u00fck\u015fehir Belediyesi, Soma\u2019daki hava kirlili\u011finin sa\u011fl\u0131k \u00fczerindeki etkileriyle ilgili vatanda\u015flar\u0131 bilgilendirmek amac\u0131yla \u00fccretsiz solunum fonksiyon testi ger\u00e7ekle\u015ftirdi. Soma pazaryerinde mobil sa\u011fl\u0131k arac\u0131yla yap\u0131lan testlerde, vatanda\u015flar\u0131n solunum fonksiyonlar\u0131 \u00f6l\u00e7\u00fcld\u00fc, gerekli bilgilendirme ve y\u00f6nlendirmeler yap\u0131ld\u0131.<br \/>\n<br \/>Manisa B\u00fcy\u00fck\u015fehir Belediyesi, Soma\u2019da \u00f6zellikle Konya \u015eeker\u2019e ait olan ve filtresiz \u00fcretimine devam eden Termik Santralden kaynakl\u0131 ya\u015fanan hava kirlili\u011fi nedeniyle vatanda\u015flar\u0131 hem bilin\u00e7lendirmek hem de bu durumun olumsuz etkileri nedeniyle olu\u015fabilecek sa\u011fl\u0131k problemlerini tespit etmek i\u00e7in solunum fonksiyon testi uygulamas\u0131 yapt\u0131. Pazaryerinde yap\u0131lan \u00fccretsiz testte, vatanda\u015flar\u0131n solunum yolu sa\u011fl\u0131\u011f\u0131 kontrol edildi. Soma pazaryerinde yap\u0131lan solunum testleri sonras\u0131, vatanda\u015flar sonu\u00e7lar hakk\u0131nda bilgilendirildi. Manisa B\u00fcy\u00fck\u015fehir Belediyesi Sa\u011fl\u0131k \u0130\u015fleri Dairesi Ba\u015fkan\u0131 Erhan \u0130nce, Sa\u011fl\u0131k \u0130\u015fleri Koordinat\u00f6r\u00fc Derya H\u00fcner ve Sa\u011fl\u0131k \u0130\u015fleri Dairesi Sa\u011fl\u0131k Hizmetleri \u015eube M\u00fcd\u00fcr\u00fc Ahmet M\u00fc\u015ftak Ayd\u0131n ile sa\u011fl\u0131k ekiplerinin yer ald\u0131\u011f\u0131 testlerde, g\u00fcn boyunca vatanda\u015flar\u0131n nefes \u00f6l\u00e7\u00fcmleri yap\u0131ld\u0131.<br \/>\n<br \/>Test sonu\u00e7lar\u0131na g\u00f6re gerekli g\u00f6r\u00fclen ki\u015filerin sa\u011fl\u0131k kurulu\u015flar\u0131na y\u00f6nlendirildi\u011fi uygulama ile erken tan\u0131 ve fark\u0131ndal\u0131k olu\u015fturulmas\u0131 hedeflendi.<\/p>\n<p>&#8220;Hava kirlili\u011finin etkilerini ortaya \u00e7\u0131karmak i\u00e7in test yap\u0131yoruz&#8221;<br \/>\n<br \/>\u00c7al\u0131\u015fma ile ilgili bilgi veren Sa\u011fl\u0131k Hizmetleri \u015eube M\u00fcd\u00fcr\u00fc Ahmet M\u00fc\u015ftak Ayd\u0131n, yap\u0131lan testlerin \u00f6nemine dikkat \u00e7ekerek, &#8220;Soma\u2019da hava kirlili\u011fi ciddi bir sorun. Hava kirlili\u011finin etkilerini ortaya koymak ve sa\u011fl\u0131k sorunlar\u0131yla m\u00fccadele etmek amac\u0131yla etkinli\u011fimizi d\u00fczenliyoruz. Bu testler sayesinde solunum yolu hastal\u0131klar\u0131n\u0131n erken te\u015fhis edilmesine katk\u0131 sa\u011flamay\u0131 ama\u00e7l\u0131yoruz. Ancak unutulmamal\u0131d\u0131r ki bu testler bireysel sa\u011fl\u0131k kontrolleri i\u00e7in yeterli de\u011fildir. Vatanda\u015flar\u0131m\u0131z, sa\u011fl\u0131k kurulu\u015flar\u0131nda d\u00fczenli muayene olmay\u0131 ihmal etmemelidir&#8221; dedi.<\/p>\n<p>Vatanda\u015flar memnuniyetlerini dile getirdi<br \/>\n<br \/>Soma\u2019n\u0131n kirli havas\u0131na dikkat \u00e7eken vatanda\u015flar, yap\u0131lan testin sonu\u00e7lar\u0131 hakk\u0131nda sa\u011fl\u0131k personelleri taraf\u0131ndan bilgilendirildi. Vatanda\u015flar testin yap\u0131lmas\u0131ndan dolay\u0131 memnuniyetlerini dile getirdi. Solunum fonksiyon testine kat\u0131lan Somal\u0131 vatanda\u015flar, uygulamadan duyduklar\u0131 memnuniyeti dile getirdi. Hacer Candan, Soma\u2019daki hava kirlili\u011finin uzun s\u00fcredir g\u00fcndemde oldu\u011funu belirterek, &#8220;Termik santralden dolay\u0131 Soma\u2019da gereken bir test. Soma\u2019n\u0131n havas\u0131n\u0131n temizlenmesi konusu daha \u00f6nce de bir\u00e7ok kez g\u00fcndeme geldi. Hep d\u00fc\u015f\u00fcn\u00fcl\u00fcyor ama yap\u0131lm\u0131yor. \u00d6nceki y\u00f6netimlerde de bu yap\u0131lmad\u0131. \u0130n\u015fallah g\u00fczel sonu\u00e7 al\u0131r\u0131z bu konuda. Umar\u0131m bu kez kal\u0131c\u0131 \u00e7\u00f6z\u00fcmler \u00fcretilir&#8221; dedi.<br \/>\n<br \/>Refik \u00c7a\u011flar, testlerin halk sa\u011fl\u0131\u011f\u0131 a\u00e7\u0131s\u0131ndan b\u00fcy\u00fck \u00f6nem ta\u015f\u0131d\u0131\u011f\u0131n\u0131 ifade ederek, &#8220;\u00c7ok \u00f6nemli bir hizmet ve uygulama. Bunu Sa\u011fl\u0131k Bakanl\u0131\u011f\u0131 neden yapm\u0131yor da belediye yap\u0131yor&#8221; diye konu\u015ftu.<br \/>\n<br \/>Kudret Erarslan da Soma\u2019da hava kirlili\u011fine ba\u011fl\u0131 sa\u011fl\u0131k sorunlar\u0131n\u0131n yayg\u0131n oldu\u011funu belirterek, &#8220;Bu testlerin d\u00fczenli olarak yap\u0131lmas\u0131 gerekiyor. \u00c7ok iyi bir uygulama. Manisa B\u00fcy\u00fck\u015fehir Belediye Ba\u015fkan\u0131 Ferdi Zeyrek\u2019e ve eme\u011fi ge\u00e7en personellere te\u015fekk\u00fcr ediyorum. Soma\u2019n\u0131n havas\u0131n\u0131n temizlenmesi i\u00e7in olan \u00e7al\u0131\u015fmalar\u0131 da takip ediyorum. Maalesef Soma\u2019m\u0131z\u0131n \u00e7evre kirlili\u011fi \u00e7ok me\u015fhur oldu\u011fundan bu test yap\u0131ld\u0131\u011f\u0131 i\u00e7in \u00e7ok te\u015fekk\u00fcr ediyorum. Somal\u0131 vatanda\u015flarda solunum yolu hastal\u0131klar\u0131 \u00e7ok oldu\u011fu i\u00e7in her hastanede bir hasta bulman\u0131z m\u00fcmk\u00fcn&#8221; dedi.<br \/>\n<br \/>\u0130smail Duman ise Belediye Ba\u015fkan\u0131 Ferdi Zeyrek\u2019in g\u00f6reve gelmesiyle birlikte \u00f6nemli \u00e7al\u0131\u015fmalar\u0131n ba\u015flad\u0131\u011f\u0131n\u0131 vurgulayarak, &#8220;Bu t\u00fcr uygulamalar \u00e7ok de\u011ferli. Ferdi Ba\u015fkan\u2019\u0131n her zaman yan\u0131nday\u0131z&#8221; diye konu\u015ftu.<br \/><\/p>\n","protected":false},"excerpt":{"rendered":"<p>Manisa B\u00fcy\u00fck\u015fehir Belediyesi, Soma\u2019daki hava kirlili\u011finin sa\u011fl\u0131k \u00fczerindeki etkileriyle ilgili vatanda\u015flar\u0131 bilgilendirmek amac\u0131yla \u00fccretsiz solunum fonksiyon testi ger\u00e7ekle\u015ftirdi. Soma pazaryerinde mobil sa\u011fl\u0131k arac\u0131yla yap\u0131lan testlerde, vatanda\u015flar\u0131n solunum fonksiyonlar\u0131 \u00f6l\u00e7\u00fcld\u00fc, gerekli bilgilendirme ve y\u00f6nlendirmeler yap\u0131ld\u0131. Manisa B\u00fcy\u00fck\u015fehir Belediyesi, Soma\u2019da \u00f6zellikle Konya \u015eeker\u2019e ait olan ve filtresiz \u00fcretimine devam eden Termik Santralden kaynakl\u0131 ya\u015fanan hava kirlili\u011fi nedeniyle&#8230;<\/p>\n","protected":false},"author":1,"featured_media":16213,"comment_status":"open","ping_status":"open","sticky":false,"template":"","format":"standard","meta":{"_crdt_document":"","footnotes":""},"categories":[2],"tags":[],"class_list":["post-16212","post","type-post","status-publish","format-standard","has-post-thumbnail","hentry","category-saglik"],"_links":{"self":[{"href":"https:\/\/www.egemtv.com\/index.php?rest_route=\/wp\/v2\/posts\/16212","targetHints":{"allow":["GET"]}}],"collection":[{"href":"https:\/\/www.egemtv.com\/index.php?rest_route=\/wp\/v2\/posts"}],"about":[{"href":"https:\/\/www.egemtv.com\/index.php?rest_route=\/wp\/v2\/types\/post"}],"author":[{"embeddable":true,"href":"https:\/\/www.egemtv.com\/index.php?rest_route=\/wp\/v2\/users\/1"}],"replies":[{"embeddable":true,"href":"https:\/\/www.egemtv.com\/index.php?rest_route=%2Fwp%2Fv2%2Fcomments&post=16212"}],"version-history":[{"count":1,"href":"https:\/\/www.egemtv.com\/index.php?rest_route=\/wp\/v2\/posts\/16212\/revisions"}],"predecessor-version":[{"id":16214,"href":"https:\/\/www.egemtv.com\/index.php?rest_route=\/wp\/v2\/posts\/16212\/revisions\/16214"}],"wp:featuredmedia":[{"embeddable":true,"href":"https:\/\/www.egemtv.com\/index.php?rest_route=\/wp\/v2\/media\/16213"}],"wp:attachment":[{"href":"https:\/\/www.egemtv.com\/index.php?rest_route=%2Fwp%2Fv2%2Fmedia&parent=16212"}],"wp:term":[{"taxonomy":"category","embeddable":true,"href":"https:\/\/www.egemtv.com\/index.php?rest_route=%2Fwp%2Fv2%2Fcategories&post=16212"},{"taxonomy":"post_tag","embeddable":true,"href":"https:\/\/www.egemtv.com\/index.php?rest_route=%2Fwp%2Fv2%2Ftags&post=16212"}],"curies":[{"name":"wp","href":"https:\/\/api.w.org\/{rel}","templated":true}]}}