{"id":16209,"date":"2025-02-06T14:51:24","date_gmt":"2025-02-06T11:51:24","guid":{"rendered":"https:\/\/www.egemtv.com\/?p=16209"},"modified":"2025-02-06T14:51:30","modified_gmt":"2025-02-06T11:51:30","slug":"bayrakli-belediyesinden-miniklere-deprem-bilinci-egitimi","status":"publish","type":"post","link":"https:\/\/www.egemtv.com\/?p=16209","title":{"rendered":"Bayrakl\u0131 Belediyesinden miniklere deprem bilinci e\u011fitimi"},"content":{"rendered":"<p>Bayrakl\u0131 Belediyesi Afet \u0130\u015fleri M\u00fcd\u00fcrl\u00fc\u011f\u00fc taraf\u0131ndan Ayda Bebek Anaokulu\u2019ndaki \u00f6\u011frencilere deprem e\u011fitimi verildi. Bayrakl\u0131 Belediye Ba\u015fkan\u0131 \u0130rfan \u00d6nal, &#8220;\u00dclkemiz bir deprem \u00fclkesi ve bu ger\u00e7e\u011fi unutmadan \u00e7ocuklar\u0131m\u0131z\u0131, vatanda\u015flar\u0131m\u0131z\u0131 bilin\u00e7lendirme \u00e7al\u0131\u015fmalar\u0131m\u0131z s\u00fcrecek&#8221; dedi.<br \/>\n<br \/>Bayrakl\u0131 Belediyesi Afet \u0130\u015fleri M\u00fcd\u00fcrl\u00fc\u011f\u00fc ekipleri, 6 \u015eubat 2023\u2019te Kahramanmara\u015f merkezli meydana gelen ve 11 ili etkileyen depremin y\u0131l d\u00f6n\u00fcm\u00fcnde \u00e7ocuklara, deprem an\u0131nda ve sonras\u0131nda nas\u0131l hareket etmeleri gerekti\u011fini uygulamal\u0131 olarak anlatt\u0131. Acil Durum Afet Y\u00f6netim Teknikeri Cebrail Murat Bak\u0131r taraf\u0131ndan miniklere, \u00e7\u00f6k-kapan-tutun y\u00f6ntemi, g\u00fcvenli tahliye yollar\u0131 ve deprem \u00e7antas\u0131n\u0131n \u00f6nemi gibi bilgiler aktar\u0131ld\u0131. \u00c7ocuklar, masa alt\u0131na girme, sa\u011flam bir nesneye tutunma ve ba\u015flar\u0131n\u0131 koruma gibi temel g\u00fcvenlik \u00f6nlemlerini deneyerek \u00f6\u011frendi. E\u011fitimi daha e\u011flenceli hale getirmek i\u00e7in interaktif oyunlar ve e\u011fitici videolar da kullan\u0131ld\u0131.<\/p>\n<p>Deprem \u00e7antas\u0131n\u0131n \u00f6nemi vurguland\u0131<br \/>\n<br \/>E\u011fitimde, afetlere kar\u015f\u0131 haz\u0131rl\u0131kl\u0131 olman\u0131n hayati \u00f6neme sahip oldu\u011fu belirtilerek, deprem \u00e7antas\u0131nda bulunmas\u0131 gereken temel malzemeler tan\u0131t\u0131ld\u0131. Su, yiyecek, el feneri, d\u00fcd\u00fck, ilk yard\u0131m malzemeleri ve yedek k\u0131yafet gibi acil durum ihtiya\u00e7lar\u0131n\u0131n her evde bulundurulmas\u0131 gerekti\u011fi vurguland\u0131. Bayrakl\u0131 Belediyesi Afet \u0130\u015fleri M\u00fcd\u00fcrl\u00fc\u011f\u00fc taraf\u0131ndan afet bilincini toplumun her kesimine yaymak amac\u0131yla e\u011fitim \u00e7al\u0131\u015fmalar\u0131n\u0131n okullarda, mahallelerde ve kamu kurumlar\u0131nda devam edece\u011fi belirtildi.<\/p>\n<p>&#8220;Deprem ger\u00e7e\u011fini unutmuyoruz&#8221;<br \/>\n<br \/>Bayrakl\u0131 Belediye Ba\u015fkan\u0131 \u0130rfan \u00d6nal, depreme kar\u015f\u0131 bilin\u00e7lenmenin \u00f6nemine dikkat \u00e7ekerek, &#8220;Do\u011fal afetler konusunda \u00f6zellikle \u00e7ocuklar\u0131m\u0131z\u0131n bilin\u00e7lenmesi i\u00e7in \u00e7al\u0131\u015fmalar\u0131m\u0131z\u0131 s\u00fcrd\u00fcr\u00fcyoruz. K\u00fc\u00e7\u00fck ya\u015fta verilen afet bilinci, onlar\u0131n ileride hayata daha haz\u0131rl\u0131kl\u0131 olmalar\u0131n\u0131 sa\u011flayacak. Deprem ger\u00e7e\u011fini unutmadan, do\u011fal afetlerle ilgili e\u011fitimlerimizi yayg\u0131nla\u015ft\u0131r\u0131p t\u00fcm okullara ula\u015ft\u0131rmay\u0131 hedefliyoruz. Ayr\u0131ca ebeveynlerin de deprem konusunda bilin\u00e7lenmesi i\u00e7in her ya\u015f grubuna y\u00f6nelik afet e\u011fitimleri d\u00fczenlemeye devam edece\u011fiz. Bug\u00fcn, iki y\u0131l \u00f6nce 11 ilimizde b\u00fcy\u00fck y\u0131k\u0131mlara ve kay\u0131plara neden olan Kahramanmara\u015f merkezli depremin y\u0131l d\u00f6n\u00fcm\u00fc. Hepimiz de derin izler b\u0131rakan bu felakette hayat\u0131n\u0131 kaybeden vatanda\u015flar\u0131m\u0131z\u0131 rahmetle an\u0131yor, b\u00f6yle bir felaketin tekrar ya\u015fanmamas\u0131n\u0131 temenni ediyorum&#8221; diye konu\u015ftu.<br \/><\/p>\n","protected":false},"excerpt":{"rendered":"<p>Bayrakl\u0131 Belediyesi Afet \u0130\u015fleri M\u00fcd\u00fcrl\u00fc\u011f\u00fc taraf\u0131ndan Ayda Bebek Anaokulu\u2019ndaki \u00f6\u011frencilere deprem e\u011fitimi verildi. Bayrakl\u0131 Belediye Ba\u015fkan\u0131 \u0130rfan \u00d6nal, &#8220;\u00dclkemiz bir deprem \u00fclkesi ve bu ger\u00e7e\u011fi unutmadan \u00e7ocuklar\u0131m\u0131z\u0131, vatanda\u015flar\u0131m\u0131z\u0131 bilin\u00e7lendirme \u00e7al\u0131\u015fmalar\u0131m\u0131z s\u00fcrecek&#8221; dedi. Bayrakl\u0131 Belediyesi Afet \u0130\u015fleri M\u00fcd\u00fcrl\u00fc\u011f\u00fc ekipleri, 6 \u015eubat 2023\u2019te Kahramanmara\u015f merkezli meydana gelen ve 11 ili etkileyen depremin y\u0131l d\u00f6n\u00fcm\u00fcnde \u00e7ocuklara, deprem an\u0131nda&#8230;<\/p>\n","protected":false},"author":1,"featured_media":16210,"comment_status":"open","ping_status":"open","sticky":false,"template":"","format":"standard","meta":{"_crdt_document":"","footnotes":""},"categories":[1],"tags":[],"class_list":["post-16209","post","type-post","status-publish","format-standard","has-post-thumbnail","hentry","category-guncel"],"_links":{"self":[{"href":"https:\/\/www.egemtv.com\/index.php?rest_route=\/wp\/v2\/posts\/16209","targetHints":{"allow":["GET"]}}],"collection":[{"href":"https:\/\/www.egemtv.com\/index.php?rest_route=\/wp\/v2\/posts"}],"about":[{"href":"https:\/\/www.egemtv.com\/index.php?rest_route=\/wp\/v2\/types\/post"}],"author":[{"embeddable":true,"href":"https:\/\/www.egemtv.com\/index.php?rest_route=\/wp\/v2\/users\/1"}],"replies":[{"embeddable":true,"href":"https:\/\/www.egemtv.com\/index.php?rest_route=%2Fwp%2Fv2%2Fcomments&post=16209"}],"version-history":[{"count":1,"href":"https:\/\/www.egemtv.com\/index.php?rest_route=\/wp\/v2\/posts\/16209\/revisions"}],"predecessor-version":[{"id":16211,"href":"https:\/\/www.egemtv.com\/index.php?rest_route=\/wp\/v2\/posts\/16209\/revisions\/16211"}],"wp:featuredmedia":[{"embeddable":true,"href":"https:\/\/www.egemtv.com\/index.php?rest_route=\/wp\/v2\/media\/16210"}],"wp:attachment":[{"href":"https:\/\/www.egemtv.com\/index.php?rest_route=%2Fwp%2Fv2%2Fmedia&parent=16209"}],"wp:term":[{"taxonomy":"category","embeddable":true,"href":"https:\/\/www.egemtv.com\/index.php?rest_route=%2Fwp%2Fv2%2Fcategories&post=16209"},{"taxonomy":"post_tag","embeddable":true,"href":"https:\/\/www.egemtv.com\/index.php?rest_route=%2Fwp%2Fv2%2Ftags&post=16209"}],"curies":[{"name":"wp","href":"https:\/\/api.w.org\/{rel}","templated":true}]}}