{"id":16206,"date":"2025-02-06T14:51:19","date_gmt":"2025-02-06T11:51:19","guid":{"rendered":"https:\/\/www.egemtv.com\/?p=16206"},"modified":"2025-02-06T14:51:24","modified_gmt":"2025-02-06T11:51:24","slug":"baskan-cercioglu-nazillinin-yollarini-yeniliyor","status":"publish","type":"post","link":"https:\/\/www.egemtv.com\/?p=16206","title":{"rendered":"Ba\u015fkan \u00c7er\u00e7io\u011flu Nazilli\u2019nin yollar\u0131n\u0131 yeniliyor"},"content":{"rendered":"<p>Kente yeni yollar kazand\u0131rmak ve mevcut yollar\u0131 yenilemek i\u00e7in \u00e7al\u0131\u015fmalar\u0131n\u0131 s\u00fcrd\u00fcren Ayd\u0131n B\u00fcy\u00fck\u015fehir Belediyesi Fen \u0130\u015fleri Dairesi Yol Yap\u0131m ve Bak\u0131m \u015eubesi ekipleri, Nazilli il\u00e7esi Zafer Mahallesi\u2019nde bulunan \u015eehit B\u00fclent Ta\u015fk\u0131ran Bulvar\u0131\u2019nda kaz\u0131 \u00e7al\u0131\u015fmalar\u0131na ba\u015flad\u0131.<\/p>\n<p>Ayd\u0131n B\u00fcy\u00fck\u015fehir Belediyesi taraf\u0131ndan kentin d\u00f6rt bir yan\u0131nda ger\u00e7ekle\u015ftirilen \u00e7al\u0131\u015fmalar h\u0131z kesmeden devam ediyor. Ayd\u0131n B\u00fcy\u00fck\u015fehir Belediyesi ekipleri, kaz\u0131 \u00e7al\u0131\u015fmalar\u0131n\u0131n ard\u0131ndan s\u0131cak asfalt serimine ba\u015flayacak. \u0130\u015flemlerin ard\u0131ndan s\u00fcr\u00fc\u015f g\u00fcvenli\u011fi i\u00e7in yaya ge\u00e7idi, \u00e7izgi ve logo \u00e7al\u0131\u015fmalar\u0131 yap\u0131lacak bulvar, yenilenmi\u015f haliyle Nazillililerin hizmetine sunulacak. Bulvara ismi verilen \u015eehit B\u00fclent Ta\u015fk\u0131ran\u2019\u0131n babas\u0131 Adem Ta\u015fk\u0131ran, \u00e7al\u0131\u015fmalardan dolay\u0131 memnuniyet duydu\u011funu belirterek Ayd\u0131n B\u00fcy\u00fck\u015fehir Belediye Ba\u015fkan\u0131 \u00d6zlem \u00c7er\u00e7io\u011flu\u2019na te\u015fekk\u00fcr etti.<\/p>\n<p>&#8220;Ayd\u0131n\u0131m\u0131z\u0131n d\u00f6rt bir yan\u0131nda \u00e7al\u0131\u015fmalar\u0131m\u0131za devam edece\u011fiz&#8221;<br \/>\n<br \/>Hizmet odakl\u0131 belediyecilik anlay\u0131\u015f\u0131 ile Ayd\u0131n\u2019\u0131n t\u00fcm il\u00e7elerinde ger\u00e7ekle\u015ftirilen \u00e7al\u0131\u015fmalar\u0131n s\u00fcrece\u011fini belirten Ba\u015fkan \u00c7er\u00e7io\u011flu, &#8220;Vatanda\u015flar\u0131m\u0131z\u0131n en iyiyi hak etti\u011fini bilerek yat\u0131r\u0131mlar\u0131m\u0131za devam ediyoruz. Nazilli\u2019de oldu\u011fu gibi Ayd\u0131n\u0131m\u0131z\u0131n 17 il\u00e7esinin tamam\u0131nda \u00e7al\u0131\u015fmalar\u0131m\u0131z\u0131 h\u0131z kesmeden s\u00fcrd\u00fcrece\u011fiz&#8221; ifadelerini kulland\u0131.<br \/><\/p>\n","protected":false},"excerpt":{"rendered":"<p>Kente yeni yollar kazand\u0131rmak ve mevcut yollar\u0131 yenilemek i\u00e7in \u00e7al\u0131\u015fmalar\u0131n\u0131 s\u00fcrd\u00fcren Ayd\u0131n B\u00fcy\u00fck\u015fehir Belediyesi Fen \u0130\u015fleri Dairesi Yol Yap\u0131m ve Bak\u0131m \u015eubesi ekipleri, Nazilli il\u00e7esi Zafer Mahallesi\u2019nde bulunan \u015eehit B\u00fclent Ta\u015fk\u0131ran Bulvar\u0131\u2019nda kaz\u0131 \u00e7al\u0131\u015fmalar\u0131na ba\u015flad\u0131. Ayd\u0131n B\u00fcy\u00fck\u015fehir Belediyesi taraf\u0131ndan kentin d\u00f6rt bir yan\u0131nda ger\u00e7ekle\u015ftirilen \u00e7al\u0131\u015fmalar h\u0131z kesmeden devam ediyor. Ayd\u0131n B\u00fcy\u00fck\u015fehir Belediyesi ekipleri, kaz\u0131 \u00e7al\u0131\u015fmalar\u0131n\u0131n&#8230;<\/p>\n","protected":false},"author":1,"featured_media":16207,"comment_status":"open","ping_status":"open","sticky":false,"template":"","format":"standard","meta":{"_crdt_document":"","footnotes":""},"categories":[1],"tags":[],"class_list":["post-16206","post","type-post","status-publish","format-standard","has-post-thumbnail","hentry","category-guncel"],"_links":{"self":[{"href":"https:\/\/www.egemtv.com\/index.php?rest_route=\/wp\/v2\/posts\/16206","targetHints":{"allow":["GET"]}}],"collection":[{"href":"https:\/\/www.egemtv.com\/index.php?rest_route=\/wp\/v2\/posts"}],"about":[{"href":"https:\/\/www.egemtv.com\/index.php?rest_route=\/wp\/v2\/types\/post"}],"author":[{"embeddable":true,"href":"https:\/\/www.egemtv.com\/index.php?rest_route=\/wp\/v2\/users\/1"}],"replies":[{"embeddable":true,"href":"https:\/\/www.egemtv.com\/index.php?rest_route=%2Fwp%2Fv2%2Fcomments&post=16206"}],"version-history":[{"count":1,"href":"https:\/\/www.egemtv.com\/index.php?rest_route=\/wp\/v2\/posts\/16206\/revisions"}],"predecessor-version":[{"id":16208,"href":"https:\/\/www.egemtv.com\/index.php?rest_route=\/wp\/v2\/posts\/16206\/revisions\/16208"}],"wp:featuredmedia":[{"embeddable":true,"href":"https:\/\/www.egemtv.com\/index.php?rest_route=\/wp\/v2\/media\/16207"}],"wp:attachment":[{"href":"https:\/\/www.egemtv.com\/index.php?rest_route=%2Fwp%2Fv2%2Fmedia&parent=16206"}],"wp:term":[{"taxonomy":"category","embeddable":true,"href":"https:\/\/www.egemtv.com\/index.php?rest_route=%2Fwp%2Fv2%2Fcategories&post=16206"},{"taxonomy":"post_tag","embeddable":true,"href":"https:\/\/www.egemtv.com\/index.php?rest_route=%2Fwp%2Fv2%2Ftags&post=16206"}],"curies":[{"name":"wp","href":"https:\/\/api.w.org\/{rel}","templated":true}]}}