{"id":16203,"date":"2025-02-06T14:51:14","date_gmt":"2025-02-06T11:51:14","guid":{"rendered":"https:\/\/www.egemtv.com\/?p=16203"},"modified":"2025-02-06T14:51:18","modified_gmt":"2025-02-06T11:51:18","slug":"demircide-kar-yagisi-ve-firtina-etkili-oluyor","status":"publish","type":"post","link":"https:\/\/www.egemtv.com\/?p=16203","title":{"rendered":"Demirci\u2019de kar ya\u011f\u0131\u015f\u0131 ve f\u0131rt\u0131na etkili oluyor"},"content":{"rendered":"<p>Manisa\u2019n\u0131n Demirci il\u00e7esinde kar ya\u011f\u0131\u015f\u0131 ve f\u0131rt\u0131na etkili oluyor.<br \/>\n<br \/>Demirci il\u00e7e merkezinden gece saatlerinden itibaren etkili olan kar ya\u011f\u0131\u015f\u0131 sebebiyle il\u00e7e merkezi ve k\u0131rsal mahalleler beyaza b\u00fcr\u00fcnd\u00fc. \u0130l\u00e7e merkezinde kar ya\u011f\u0131\u015f\u0131 ile birlikte s\u0131cakl\u0131klar eksi 5 dereceye kadar \u00f6l\u00e7\u00fcl\u00fcrken, y\u00fckseklerde de eksi 10 dereceyi g\u00f6rd\u00fc.<br \/>\n<br \/>Demirci &#8211; Simav karayolu 1470 rak\u0131ml\u0131 Ak\u00e7akertik mevki, T\u00fcrkmen Tepe mevkilerinde kar ya\u011f\u0131\u015f\u0131 ile kar kal\u0131nl\u0131\u011f\u0131 10 santimetreyi a\u015ft\u0131. Kar ya\u011f\u0131\u015f\u0131 ile birlikte Kulalar, Bardak\u00e7\u0131 ve Sa\u011fn\u0131\u00e7 mahalleleri beyaza b\u00fcr\u00fcnd\u00fc.<br \/>\n<br \/>Demirci Belediyesi ekiplerince sabah saatlerinde il\u00e7e merkezinde ula\u015f\u0131mda s\u0131k\u0131nt\u0131lar ya\u015fanmamas\u0131 i\u00e7in yollarda tuzlama \u00e7al\u0131\u015fmas\u0131 yaparken, karayollar\u0131 ekipleri de Demirci &#8211; Simav karayolunda karla m\u00fccadele \u00e7al\u0131\u015fmas\u0131 yapt\u0131.<br \/><\/p>\n","protected":false},"excerpt":{"rendered":"<p>Manisa\u2019n\u0131n Demirci il\u00e7esinde kar ya\u011f\u0131\u015f\u0131 ve f\u0131rt\u0131na etkili oluyor. Demirci il\u00e7e merkezinden gece saatlerinden itibaren etkili olan kar ya\u011f\u0131\u015f\u0131 sebebiyle il\u00e7e merkezi ve k\u0131rsal mahalleler beyaza b\u00fcr\u00fcnd\u00fc. \u0130l\u00e7e merkezinde kar ya\u011f\u0131\u015f\u0131 ile birlikte s\u0131cakl\u0131klar eksi 5 dereceye kadar \u00f6l\u00e7\u00fcl\u00fcrken, y\u00fckseklerde de eksi 10 dereceyi g\u00f6rd\u00fc. Demirci &#8211; Simav karayolu 1470 rak\u0131ml\u0131 Ak\u00e7akertik mevki, T\u00fcrkmen Tepe&#8230;<\/p>\n","protected":false},"author":1,"featured_media":16204,"comment_status":"open","ping_status":"open","sticky":false,"template":"","format":"standard","meta":{"_crdt_document":"","footnotes":""},"categories":[1],"tags":[],"class_list":["post-16203","post","type-post","status-publish","format-standard","has-post-thumbnail","hentry","category-guncel"],"_links":{"self":[{"href":"https:\/\/www.egemtv.com\/index.php?rest_route=\/wp\/v2\/posts\/16203","targetHints":{"allow":["GET"]}}],"collection":[{"href":"https:\/\/www.egemtv.com\/index.php?rest_route=\/wp\/v2\/posts"}],"about":[{"href":"https:\/\/www.egemtv.com\/index.php?rest_route=\/wp\/v2\/types\/post"}],"author":[{"embeddable":true,"href":"https:\/\/www.egemtv.com\/index.php?rest_route=\/wp\/v2\/users\/1"}],"replies":[{"embeddable":true,"href":"https:\/\/www.egemtv.com\/index.php?rest_route=%2Fwp%2Fv2%2Fcomments&post=16203"}],"version-history":[{"count":1,"href":"https:\/\/www.egemtv.com\/index.php?rest_route=\/wp\/v2\/posts\/16203\/revisions"}],"predecessor-version":[{"id":16205,"href":"https:\/\/www.egemtv.com\/index.php?rest_route=\/wp\/v2\/posts\/16203\/revisions\/16205"}],"wp:featuredmedia":[{"embeddable":true,"href":"https:\/\/www.egemtv.com\/index.php?rest_route=\/wp\/v2\/media\/16204"}],"wp:attachment":[{"href":"https:\/\/www.egemtv.com\/index.php?rest_route=%2Fwp%2Fv2%2Fmedia&parent=16203"}],"wp:term":[{"taxonomy":"category","embeddable":true,"href":"https:\/\/www.egemtv.com\/index.php?rest_route=%2Fwp%2Fv2%2Fcategories&post=16203"},{"taxonomy":"post_tag","embeddable":true,"href":"https:\/\/www.egemtv.com\/index.php?rest_route=%2Fwp%2Fv2%2Ftags&post=16203"}],"curies":[{"name":"wp","href":"https:\/\/api.w.org\/{rel}","templated":true}]}}