{"id":16200,"date":"2025-02-06T14:46:55","date_gmt":"2025-02-06T11:46:55","guid":{"rendered":"https:\/\/www.egemtv.com\/?p=16200"},"modified":"2025-02-06T14:47:00","modified_gmt":"2025-02-06T11:47:00","slug":"buyuksehirden-deprem-bolgesine-arac-destegi","status":"publish","type":"post","link":"https:\/\/www.egemtv.com\/?p=16200","title":{"rendered":"B\u00fcy\u00fck\u015fehir\u2019den deprem b\u00f6lgesine ara\u00e7 deste\u011fi"},"content":{"rendered":"<p>6 \u015eubat 2023 tarihinde ya\u015fanan ve 11 \u015fehirde b\u00fcy\u00fck y\u0131k\u0131ma neden olan depremin ard\u0131ndan Mu\u011fla B\u00fcy\u00fck\u015fehir Belediyesi depremin yaralar\u0131n\u0131 sarmak, vatanda\u015flar\u0131n yan\u0131nda olmak i\u00e7in \u00e7al\u0131\u015fmalar\u0131na devam ediyor. Bu kapsamda B\u00fcy\u00fck\u015fehir Belediyesi, depremden etkilenen Malatya\u2019n\u0131n Arapgir ve Yaz\u0131han il\u00e7elerine \u00fc\u00e7 otob\u00fcs hibe ediyor.<br \/>\n<br \/>B\u00fcy\u00fck\u015fehir Belediyesi\u2019nden Malatya\u2019ya ara\u00e7 deste\u011fi<br \/>\n<br \/>Mu\u011fla B\u00fcy\u00fck\u015fehir Belediyesi, depremden etkilenen Malatya\u2019n\u0131n Arapgir Belediyesi\u2019ne 35 koltuk kapasiteli 1 otob\u00fcs, Yaz\u0131han Belediyesi\u2019ne ise 17 ve 18 koltuk kapasiteli 2 midib\u00fcs olmak \u00fczere toplam \u00fc\u00e7 ara\u00e7 hibe ediyor. B\u00fcy\u00fck\u015fehir Belediyesi, yerel y\u00f6netimler aras\u0131ndaki dayan\u0131\u015fmay\u0131 artt\u0131rmak amac\u0131yla ger\u00e7ekle\u015ftirdi\u011fi bu destekle, Arapgir ve Yaz\u0131han Belediyelerinin ara\u00e7 filosunu g\u00fc\u00e7lendirmi\u015f olacak.<br \/>\n<br \/>Ba\u015fkan Aras: &#8220;Deprem b\u00f6lgesindeki vatanda\u015flar\u0131m\u0131z\u0131n her zaman yan\u0131nda olaca\u011f\u0131z&#8221;<br \/>\n<br \/>6 \u015eubat depremlerinin y\u0131l d\u00f6n\u00fcm\u00fcnde Hatay ve Malatya\u2019da vatanda\u015flarla bulu\u015fan K\u0131y\u0131 Ege Belediyeler Birli\u011fi ve Mu\u011fla B\u00fcy\u00fck\u015fehir Belediye Ba\u015fkan\u0131 Ahmet Aras, 8 \u015eubat Cumartesi g\u00fcn\u00fc Yaz\u0131han Belediyesi\u2019ne hibe edilen ara\u00e7lar\u0131n teslim t\u00f6renine kat\u0131lacak.<br \/>\n<br \/>Ba\u015fkan Aras, &#8220;6 \u015eubat 2023\u2019te ya\u015fad\u0131\u011f\u0131m\u0131z deprem felaketinin y\u0131k\u0131c\u0131 etkisini en aza indirmek ve kentlerimizi yeniden aya\u011fa kald\u0131rmak i\u00e7in \u00e7al\u0131\u015fmalar\u0131m\u0131za devam ediyoruz. Mu\u011fla B\u00fcy\u00fck\u015fehir Belediyesi olarak, afetin ilk g\u00fcn\u00fcnden bu yana depremden etkilenen b\u00f6lgelerimizin yan\u0131nda olduk ve olmaya da devam edece\u011fiz. Yerel y\u00f6netimler aras\u0131ndaki dayan\u0131\u015fmay\u0131 g\u00fc\u00e7lendirmekten mutluluk duyuyoruz. Deprem b\u00f6lgesindeki vatanda\u015flar\u0131m\u0131z\u0131n her zaman yan\u0131nda olmaya devam edece\u011fiz&#8221; dedi.<br \/><\/p>\n","protected":false},"excerpt":{"rendered":"<p>6 \u015eubat 2023 tarihinde ya\u015fanan ve 11 \u015fehirde b\u00fcy\u00fck y\u0131k\u0131ma neden olan depremin ard\u0131ndan Mu\u011fla B\u00fcy\u00fck\u015fehir Belediyesi depremin yaralar\u0131n\u0131 sarmak, vatanda\u015flar\u0131n yan\u0131nda olmak i\u00e7in \u00e7al\u0131\u015fmalar\u0131na devam ediyor. Bu kapsamda B\u00fcy\u00fck\u015fehir Belediyesi, depremden etkilenen Malatya\u2019n\u0131n Arapgir ve Yaz\u0131han il\u00e7elerine \u00fc\u00e7 otob\u00fcs hibe ediyor. B\u00fcy\u00fck\u015fehir Belediyesi\u2019nden Malatya\u2019ya ara\u00e7 deste\u011fi Mu\u011fla B\u00fcy\u00fck\u015fehir Belediyesi, depremden etkilenen Malatya\u2019n\u0131n Arapgir Belediyesi\u2019ne&#8230;<\/p>\n","protected":false},"author":1,"featured_media":16201,"comment_status":"open","ping_status":"open","sticky":false,"template":"","format":"standard","meta":{"_crdt_document":"","footnotes":""},"categories":[125],"tags":[],"class_list":["post-16200","post","type-post","status-publish","format-standard","has-post-thumbnail","hentry","category-ekonomi"],"_links":{"self":[{"href":"https:\/\/www.egemtv.com\/index.php?rest_route=\/wp\/v2\/posts\/16200","targetHints":{"allow":["GET"]}}],"collection":[{"href":"https:\/\/www.egemtv.com\/index.php?rest_route=\/wp\/v2\/posts"}],"about":[{"href":"https:\/\/www.egemtv.com\/index.php?rest_route=\/wp\/v2\/types\/post"}],"author":[{"embeddable":true,"href":"https:\/\/www.egemtv.com\/index.php?rest_route=\/wp\/v2\/users\/1"}],"replies":[{"embeddable":true,"href":"https:\/\/www.egemtv.com\/index.php?rest_route=%2Fwp%2Fv2%2Fcomments&post=16200"}],"version-history":[{"count":1,"href":"https:\/\/www.egemtv.com\/index.php?rest_route=\/wp\/v2\/posts\/16200\/revisions"}],"predecessor-version":[{"id":16202,"href":"https:\/\/www.egemtv.com\/index.php?rest_route=\/wp\/v2\/posts\/16200\/revisions\/16202"}],"wp:featuredmedia":[{"embeddable":true,"href":"https:\/\/www.egemtv.com\/index.php?rest_route=\/wp\/v2\/media\/16201"}],"wp:attachment":[{"href":"https:\/\/www.egemtv.com\/index.php?rest_route=%2Fwp%2Fv2%2Fmedia&parent=16200"}],"wp:term":[{"taxonomy":"category","embeddable":true,"href":"https:\/\/www.egemtv.com\/index.php?rest_route=%2Fwp%2Fv2%2Fcategories&post=16200"},{"taxonomy":"post_tag","embeddable":true,"href":"https:\/\/www.egemtv.com\/index.php?rest_route=%2Fwp%2Fv2%2Ftags&post=16200"}],"curies":[{"name":"wp","href":"https:\/\/api.w.org\/{rel}","templated":true}]}}