{"id":16197,"date":"2025-02-06T14:46:50","date_gmt":"2025-02-06T11:46:50","guid":{"rendered":"https:\/\/www.egemtv.com\/?p=16197"},"modified":"2025-02-06T14:46:55","modified_gmt":"2025-02-06T11:46:55","slug":"3-araca-carpan-surucu-kacti","status":"publish","type":"post","link":"https:\/\/www.egemtv.com\/?p=16197","title":{"rendered":"3 araca \u00e7arpan s\u00fcr\u00fcc\u00fc ka\u00e7t\u0131"},"content":{"rendered":"<p>Afyonkarahisar\u2019da bir s\u00fcr\u00fcc\u00fc, park halindeki biri kamyonet 3 araca \u00e7arpt\u0131ktan sonra arac\u0131n\u0131 olay yerinde b\u0131rakarak ka\u00e7t\u0131.<br \/>\n<br \/>Olay, Karaman Mahallesi Gazl\u0131g\u00f6l Caddesi \u00fczerinde meydana geldi. Edinilen bilgilere g\u00f6re, gece i\u015ften \u00e7\u0131karak evine d\u00f6nen vatanda\u015flar bir arac\u0131n kamyonete \u00e7arparak yolun ortas\u0131nda durdu\u011funu fark etti. Ard\u0131ndan vatanda\u015flar ara\u00e7larda yaral\u0131 olup olmad\u0131\u011f\u0131na bakt\u0131ktan sonra durumu 112 Acil \u00c7a\u011fr\u0131 merkezine bildirerek yard\u0131m istedi. Olay yerine gelen polis, k\u0131rm\u0131z\u0131 renkteki otomobilin biri kamyonet 2 otomobil olmak \u00fczere 3 araca \u00e7arpt\u0131ktan sonra s\u00fcr\u00fcc\u00fcn\u00fcn arac\u0131 olay yerinde b\u0131rakarak ka\u00e7t\u0131\u011f\u0131n\u0131 belirledi. Ka\u00e7an s\u00fcr\u00fcc\u00fcn\u00fcn bulunmas\u0131 i\u00e7in polis taraf\u0131ndan inceleme ba\u015flat\u0131ld\u0131.<br \/><\/p>\n","protected":false},"excerpt":{"rendered":"<p>Afyonkarahisar\u2019da bir s\u00fcr\u00fcc\u00fc, park halindeki biri kamyonet 3 araca \u00e7arpt\u0131ktan sonra arac\u0131n\u0131 olay yerinde b\u0131rakarak ka\u00e7t\u0131. Olay, Karaman Mahallesi Gazl\u0131g\u00f6l Caddesi \u00fczerinde meydana geldi. Edinilen bilgilere g\u00f6re, gece i\u015ften \u00e7\u0131karak evine d\u00f6nen vatanda\u015flar bir arac\u0131n kamyonete \u00e7arparak yolun ortas\u0131nda durdu\u011funu fark etti. Ard\u0131ndan vatanda\u015flar ara\u00e7larda yaral\u0131 olup olmad\u0131\u011f\u0131na bakt\u0131ktan sonra durumu 112 Acil \u00c7a\u011fr\u0131 merkezine&#8230;<\/p>\n","protected":false},"author":1,"featured_media":16198,"comment_status":"open","ping_status":"open","sticky":false,"template":"","format":"standard","meta":{"_crdt_document":"","footnotes":""},"categories":[5],"tags":[],"class_list":["post-16197","post","type-post","status-publish","format-standard","has-post-thumbnail","hentry","category-asayis"],"_links":{"self":[{"href":"https:\/\/www.egemtv.com\/index.php?rest_route=\/wp\/v2\/posts\/16197","targetHints":{"allow":["GET"]}}],"collection":[{"href":"https:\/\/www.egemtv.com\/index.php?rest_route=\/wp\/v2\/posts"}],"about":[{"href":"https:\/\/www.egemtv.com\/index.php?rest_route=\/wp\/v2\/types\/post"}],"author":[{"embeddable":true,"href":"https:\/\/www.egemtv.com\/index.php?rest_route=\/wp\/v2\/users\/1"}],"replies":[{"embeddable":true,"href":"https:\/\/www.egemtv.com\/index.php?rest_route=%2Fwp%2Fv2%2Fcomments&post=16197"}],"version-history":[{"count":1,"href":"https:\/\/www.egemtv.com\/index.php?rest_route=\/wp\/v2\/posts\/16197\/revisions"}],"predecessor-version":[{"id":16199,"href":"https:\/\/www.egemtv.com\/index.php?rest_route=\/wp\/v2\/posts\/16197\/revisions\/16199"}],"wp:featuredmedia":[{"embeddable":true,"href":"https:\/\/www.egemtv.com\/index.php?rest_route=\/wp\/v2\/media\/16198"}],"wp:attachment":[{"href":"https:\/\/www.egemtv.com\/index.php?rest_route=%2Fwp%2Fv2%2Fmedia&parent=16197"}],"wp:term":[{"taxonomy":"category","embeddable":true,"href":"https:\/\/www.egemtv.com\/index.php?rest_route=%2Fwp%2Fv2%2Fcategories&post=16197"},{"taxonomy":"post_tag","embeddable":true,"href":"https:\/\/www.egemtv.com\/index.php?rest_route=%2Fwp%2Fv2%2Ftags&post=16197"}],"curies":[{"name":"wp","href":"https:\/\/api.w.org\/{rel}","templated":true}]}}