{"id":16194,"date":"2025-02-06T14:35:07","date_gmt":"2025-02-06T11:35:07","guid":{"rendered":"https:\/\/www.egemtv.com\/?p=16194"},"modified":"2025-02-06T14:35:12","modified_gmt":"2025-02-06T11:35:12","slug":"bodrum-emitt-fuarinda-yerini-aldi","status":"publish","type":"post","link":"https:\/\/www.egemtv.com\/?p=16194","title":{"rendered":"Bodrum EMITT Fuar\u0131\u2019nda yerini ald\u0131"},"content":{"rendered":"<p>Bu y\u0131l 28\u2019incisi d\u00fczenlenen Do\u011fu Akdeniz Uluslararas\u0131 Turizm ve Seyahat Fuar\u0131\u2019nda (EMITT), Mu\u011fla B\u00fcy\u00fck\u015fehir Belediyesi ve Bodrum Belediyesi i\u015f birli\u011fiyle haz\u0131rlanan Bodrum stand\u0131 b\u00fcy\u00fck ilgi g\u00f6rd\u00fc. 7 numaral\u0131 holde yer alan Bodrum stand\u0131, fuar\u0131n en dikkat \u00e7eken alanlar\u0131ndan biri oldu.<\/p>\n<p>Bodrum Belediyesi ve Bodrum Ticaret Odas\u0131n\u0131n organizasyonu, Mu\u011fla B\u00fcy\u00fck\u015fehir Belediyesinin destekleriyle haz\u0131rlanan stand\u0131n a\u00e7\u0131l\u0131\u015f kokteyli, bir\u00e7ok turizm profesyonelini bir araya getirdi. Fuar boyunca ziyaret\u00e7ilerin yo\u011fun ilgisini \u00e7eken stant, Bodrum\u2019un turizm potansiyelini tan\u0131tmak ad\u0131na \u00f6nemli bir platform sundu.<\/p>\n<p>Stant a\u00e7\u0131l\u0131\u015f program\u0131nda konu\u015fan BODTO Meclis Ba\u015fkan\u0131 \u0130lhan Ersan, T\u00fcrkiye\u2019nin en \u00f6nemli ve en fazla kat\u0131l\u0131m sa\u011flanan fuarlar\u0131ndan biri olan EMITT\u2019te yer almaktan b\u00fcy\u00fck mutluluk duyduklar\u0131n\u0131 belirterek \u015fu ifadeleri kulland\u0131:<br \/>\n<br \/>&#8220;Bodrum Ticaret Odas\u0131 olarak Bodrum\u2019un her y\u0131l oldu\u011fu gibi bu y\u0131l da EMITT fuar\u0131nda birlik ve beraberlik i\u00e7inde temsil edilmesini g\u00f6rmek \u00e7ok g\u00fczel. De\u011fi\u015fen zaman ve \u015fartlara ra\u011fmen, uluslararas\u0131 d\u00fczeyde ba\u015far\u0131s\u0131n\u0131 kan\u0131tlam\u0131\u015f bu fuarda yer almak ve do\u011frudan ileti\u015fim kurmak olduk\u00e7a de\u011ferli. Fuara kat\u0131l\u0131m sa\u011flayan ba\u015fta Mu\u011fla B\u00fcy\u00fck\u015fehir Belediyesi ve Bodrum Belediyesi olmak \u00fczere t\u00fcm kurumlar\u0131m\u0131za, sivil toplum kurulu\u015flar\u0131m\u0131za, turizmcilerimize ve k\u0131ymetli \u00fcyelerimize te\u015fekk\u00fcr ederim&#8221;<\/p>\n<p>Bodrum\u2019un Turizm potansiyeli g\u00fc\u00e7leniyor<br \/>\n<br \/>Bodrum Belediye Ba\u015fkan\u0131 Tamer Mandalinci ise Bodrum\u2019un sadece T\u00fcrkiye\u2019de de\u011fil, uluslararas\u0131 arenada da \u00f6nemli bir turizm destinasyonu oldu\u011funu belirterek \u015funlar\u0131 s\u00f6yledi:<br \/>\n<br \/>&#8220;Bodrum, yaln\u0131zca denizi, do\u011fas\u0131, iklimi ve turizmiyle de\u011fil, \u00e7ok y\u00f6nl\u00fc \u00f6zellikleriyle hizmet sunan bir co\u011frafya. Y\u0131l\u0131n sadece \u00fc\u00e7-d\u00f6rt ay\u0131nda de\u011fil, 12 ay boyunca e\u015fsiz g\u00fczellikleriyle misafirlerini a\u011f\u0131rlamaya devam eden bir destinasyon. Atalar\u0131m\u0131z\u0131n bizlere b\u0131rakt\u0131\u011f\u0131 bu miras\u0131 gelecek ku\u015faklara aktarmak i\u00e7in \u00e7al\u0131\u015f\u0131yoruz. Bize emanet edilen bu de\u011ferleri koruyacak, geli\u015ftirecek ve ya\u015fataca\u011f\u0131z&#8221;<\/p>\n<p>Turizm \u00e7al\u0131\u015fmalar\u0131na kararl\u0131l\u0131kla devam edeceklerini belirten Mandalinci, \u015fu s\u00f6zleri ekledi:<br \/>\n<br \/>&#8220;Bodrum, \u00fclkemizin turizm markas\u0131 ve d\u00fcnyan\u0131n turizm \u00e7ekim merkezlerinden biri. Ahmet Ba\u015fkan\u0131m\u0131z\u0131n her zaman vurgulad\u0131\u011f\u0131 \u2018D\u00fcnya kenti Mu\u011fla\u2019 vizyonuyla ve \u2018D\u00fcnyan\u0131n g\u00f6z bebe\u011fi Bodrum\u2019 anlay\u0131\u015f\u0131yla \u00e7al\u0131\u015fmalar\u0131m\u0131za devam edece\u011fiz. Turizm potansiyelimizi art\u0131rmak amac\u0131yla bir turizm master plan\u0131 haz\u0131rl\u0131yoruz. Yaz ve k\u0131\u015f koridorlar\u0131 olu\u015fturaca\u011f\u0131z. Yaz koridorunda dal\u0131\u015f turizmini geli\u015ftirece\u011fiz, Bodrum Cup gibi etkinlikleri art\u0131raca\u011f\u0131z. K\u0131\u015f koridorunda ise mutfa\u011f\u0131m\u0131z\u0131 ve y\u00f6resel otlar\u0131m\u0131z\u0131 tan\u0131tarak Bodrum\u2019u gastronomi alan\u0131nda da \u00f6ne \u00e7\u0131karmay\u0131 hedefliyoruz. Ac\u0131 Ot Festivali\u2019nin devaml\u0131l\u0131\u011f\u0131n\u0131 \u00f6nemsiyoruz&#8221;<\/p>\n<p>Mu\u011fla B\u00fcy\u00fck\u015fehir Belediye Ba\u015fkan\u0131 Ahmet Aras da Mu\u011fla\u2019n\u0131n on \u00fc\u00e7 il\u00e7esiyle birlikte hareket etti\u011fini vurgulayarak \u015fu s\u00f6zleri dile getirdi:<br \/>\n<br \/>&#8220;Bu birlik ve beraberli\u011fin en somut \u00f6rneklerinden biri olarak ilk kez Londra Turizm Fuar\u0131\u2019na kat\u0131ld\u0131k ve t\u00fcm il\u00e7elerimizi orada temsil ettik. Mu\u011fla, T\u00fcrkiye\u2019den fuara kat\u0131lan iller aras\u0131nda en \u00e7ok dikkat \u00e7ekenlerden biri oldu. D\u00fcnyan\u0131n en \u00f6nemli turizm destinasyonlar\u0131ndan biri olan Mu\u011fla\u2019da turizmcilerimiz, otelcilerimiz, yat\u0131r\u0131mc\u0131lar\u0131m\u0131z, meslek odalar\u0131m\u0131z ve halk\u0131m\u0131zla g\u00fc\u00e7l\u00fc bir i\u015f birli\u011fi i\u00e7indeyiz. Tan\u0131t\u0131m \u00e7al\u0131\u015fmalar\u0131m\u0131z Berlin\u2019de devam edecek. Hedefimiz, Mu\u011fla\u2019y\u0131 Akdeniz\u2019in en \u00f6nemli turizm merkezi haline getirmek&#8221;<\/p>\n<p>Konu\u015fmalar\u0131n ard\u0131n plaket takdimleri ger\u00e7ekle\u015ftirildi, Bodrum stand\u0131, 7 \u015eubat Cuma g\u00fcn\u00fc saat 17.00\u2019ye kadar ziyaret\u00e7ilerini a\u011f\u0131rlamaya devam edecek.<br \/><\/p>\n","protected":false},"excerpt":{"rendered":"<p>Bu y\u0131l 28\u2019incisi d\u00fczenlenen Do\u011fu Akdeniz Uluslararas\u0131 Turizm ve Seyahat Fuar\u0131\u2019nda (EMITT), Mu\u011fla B\u00fcy\u00fck\u015fehir Belediyesi ve Bodrum Belediyesi i\u015f birli\u011fiyle haz\u0131rlanan Bodrum stand\u0131 b\u00fcy\u00fck ilgi g\u00f6rd\u00fc. 7 numaral\u0131 holde yer alan Bodrum stand\u0131, fuar\u0131n en dikkat \u00e7eken alanlar\u0131ndan biri oldu. Bodrum Belediyesi ve Bodrum Ticaret Odas\u0131n\u0131n organizasyonu, Mu\u011fla B\u00fcy\u00fck\u015fehir Belediyesinin destekleriyle haz\u0131rlanan stand\u0131n a\u00e7\u0131l\u0131\u015f kokteyli,&#8230;<\/p>\n","protected":false},"author":1,"featured_media":16195,"comment_status":"open","ping_status":"open","sticky":false,"template":"","format":"standard","meta":{"_crdt_document":"","footnotes":""},"categories":[125],"tags":[],"class_list":["post-16194","post","type-post","status-publish","format-standard","has-post-thumbnail","hentry","category-ekonomi"],"_links":{"self":[{"href":"https:\/\/www.egemtv.com\/index.php?rest_route=\/wp\/v2\/posts\/16194","targetHints":{"allow":["GET"]}}],"collection":[{"href":"https:\/\/www.egemtv.com\/index.php?rest_route=\/wp\/v2\/posts"}],"about":[{"href":"https:\/\/www.egemtv.com\/index.php?rest_route=\/wp\/v2\/types\/post"}],"author":[{"embeddable":true,"href":"https:\/\/www.egemtv.com\/index.php?rest_route=\/wp\/v2\/users\/1"}],"replies":[{"embeddable":true,"href":"https:\/\/www.egemtv.com\/index.php?rest_route=%2Fwp%2Fv2%2Fcomments&post=16194"}],"version-history":[{"count":1,"href":"https:\/\/www.egemtv.com\/index.php?rest_route=\/wp\/v2\/posts\/16194\/revisions"}],"predecessor-version":[{"id":16196,"href":"https:\/\/www.egemtv.com\/index.php?rest_route=\/wp\/v2\/posts\/16194\/revisions\/16196"}],"wp:featuredmedia":[{"embeddable":true,"href":"https:\/\/www.egemtv.com\/index.php?rest_route=\/wp\/v2\/media\/16195"}],"wp:attachment":[{"href":"https:\/\/www.egemtv.com\/index.php?rest_route=%2Fwp%2Fv2%2Fmedia&parent=16194"}],"wp:term":[{"taxonomy":"category","embeddable":true,"href":"https:\/\/www.egemtv.com\/index.php?rest_route=%2Fwp%2Fv2%2Fcategories&post=16194"},{"taxonomy":"post_tag","embeddable":true,"href":"https:\/\/www.egemtv.com\/index.php?rest_route=%2Fwp%2Fv2%2Ftags&post=16194"}],"curies":[{"name":"wp","href":"https:\/\/api.w.org\/{rel}","templated":true}]}}