{"id":16191,"date":"2025-02-06T14:32:26","date_gmt":"2025-02-06T11:32:26","guid":{"rendered":"https:\/\/www.egemtv.com\/?p=16191"},"modified":"2025-02-06T14:32:31","modified_gmt":"2025-02-06T11:32:31","slug":"baskan-cercioglu-aydinlilari-kadin-oyunlari-festivali-ile-bulusturacak","status":"publish","type":"post","link":"https:\/\/www.egemtv.com\/?p=16191","title":{"rendered":"Ba\u015fkan \u00c7er\u00e7io\u011flu Ayd\u0131nl\u0131lar\u0131 \u2019Kad\u0131n Oyunlar\u0131 Festivali\u2019 ile bulu\u015fturacak"},"content":{"rendered":"<p>Ayd\u0131n B\u00fcy\u00fck\u015fehir Belediyesi, T\u00fcrkiye\u2019nin ve Avrupa\u2019n\u0131n tek kad\u0131n temal\u0131 tiyatro festivali olan \u2018Kad\u0131n Oyunlar\u0131 Festivali\u2019ne ev sahipli\u011fi yapmaya haz\u0131rlan\u0131yor.<\/p>\n<p>Ayd\u0131n B\u00fcy\u00fck\u015fehir Belediyesi, k\u00fclt\u00fcr ve sanat etkinliklerini Ayd\u0131nl\u0131lar ile bulu\u015fturmaya devam ediyor. Bug\u00fcne kadar her ya\u015ftan binlerce tiyatroseveri birbirinden g\u00fczel eserler ile bulu\u015fturan B\u00fcy\u00fck\u015fehir Belediyesi \u015eehir Tiyatrolar\u0131, 10-14 \u015eubat tarihleri aras\u0131nda 5 farkl\u0131 oyun ile perdelerini a\u00e7acak. Kad\u0131n Oyunlar\u0131 Festivali\u2019nde Ayd\u0131nl\u0131lar ile bulu\u015facak eserler i\u00e7in \u00fccretsiz biletler Vali Yaz\u0131c\u0131o\u011flu K\u00fclt\u00fcr Merkezi\u2019nden temin edilebilecek.<\/p>\n<p>Festivalin adresi \u015e\u00fckran G\u00fcng\u00f6r-Y\u0131ld\u0131z Kenter K\u00fclt\u00fcr Merkezi ve Tiyatro Salonu olacak. Kad\u0131n Oyunlar\u0131 Festivali, 10 \u015eubat Pazartesi g\u00fcn\u00fc saat 20.00\u2019da sahnelenecek olan \u2018Sevgi Soysal Ya\u015famakta Israr Ediyor\u2019 oyunu ile ba\u015flayacak. 11 \u015eubat Sal\u0131 g\u00fcn\u00fc saat 20.00\u2019da \u2018G\u00fclistan G\u00fclbah\u00e7esi Yani\u2019, 12 \u015eubat \u00c7ar\u015famba g\u00fcn\u00fc saat 20.00\u2019da \u2018Havva De\u011fi\u015fecek Bu Hikaye\u2019, 13 \u015eubat Per\u015fembe g\u00fcn\u00fc saat 20.00\u2019da \u2018Herkes Yolunda\u2019, 14 \u015eubat Cuma g\u00fcn\u00fc saat 20.00\u2019da \u2018Hikayesinde Senden Bahsetti\u2019 eserleri Ayd\u0131nl\u0131lar ile bulu\u015facak.<\/p>\n<p>Ba\u015fkan \u00c7er\u00e7io\u011flu t\u00fcm tiyatroseverleri festivale davet etti<br \/>\n<br \/>Ayd\u0131n B\u00fcy\u00fck\u015fehir Belediye Ba\u015fkan\u0131 \u00d6zlem \u00c7er\u00e7io\u011flu, t\u00fcm kad\u0131nlar\u0131 ve tiyatroseverleri festivalde birbirinden g\u00fczel oyunlar\u0131 izlemeye davet etti. Ba\u015fkan \u00c7er\u00e7io\u011flu, &#8220;K\u00fclt\u00fcr ve sanat etkinliklerimizi hem\u015fehrilerimiz ile bulu\u015fturmaya devam ediyoruz. Kad\u0131n Oyunlar\u0131 Festivali\u2019nde birbirinden g\u00fczel tiyatro oyunlar\u0131 bir kez daha perdelerini Ayd\u0131nl\u0131lar i\u00e7in a\u00e7acak. T\u00fcm kad\u0131nlar\u0131 ve tiyatroseverleri festivalimize davet ediyorum&#8221; ifadelerini kulland\u0131.<br \/><\/p>\n","protected":false},"excerpt":{"rendered":"<p>Ayd\u0131n B\u00fcy\u00fck\u015fehir Belediyesi, T\u00fcrkiye\u2019nin ve Avrupa\u2019n\u0131n tek kad\u0131n temal\u0131 tiyatro festivali olan \u2018Kad\u0131n Oyunlar\u0131 Festivali\u2019ne ev sahipli\u011fi yapmaya haz\u0131rlan\u0131yor. Ayd\u0131n B\u00fcy\u00fck\u015fehir Belediyesi, k\u00fclt\u00fcr ve sanat etkinliklerini Ayd\u0131nl\u0131lar ile bulu\u015fturmaya devam ediyor. Bug\u00fcne kadar her ya\u015ftan binlerce tiyatroseveri birbirinden g\u00fczel eserler ile bulu\u015fturan B\u00fcy\u00fck\u015fehir Belediyesi \u015eehir Tiyatrolar\u0131, 10-14 \u015eubat tarihleri aras\u0131nda 5 farkl\u0131 oyun ile perdelerini&#8230;<\/p>\n","protected":false},"author":1,"featured_media":16192,"comment_status":"open","ping_status":"open","sticky":false,"template":"","format":"standard","meta":{"_crdt_document":"","footnotes":""},"categories":[1],"tags":[],"class_list":["post-16191","post","type-post","status-publish","format-standard","has-post-thumbnail","hentry","category-guncel"],"_links":{"self":[{"href":"https:\/\/www.egemtv.com\/index.php?rest_route=\/wp\/v2\/posts\/16191","targetHints":{"allow":["GET"]}}],"collection":[{"href":"https:\/\/www.egemtv.com\/index.php?rest_route=\/wp\/v2\/posts"}],"about":[{"href":"https:\/\/www.egemtv.com\/index.php?rest_route=\/wp\/v2\/types\/post"}],"author":[{"embeddable":true,"href":"https:\/\/www.egemtv.com\/index.php?rest_route=\/wp\/v2\/users\/1"}],"replies":[{"embeddable":true,"href":"https:\/\/www.egemtv.com\/index.php?rest_route=%2Fwp%2Fv2%2Fcomments&post=16191"}],"version-history":[{"count":1,"href":"https:\/\/www.egemtv.com\/index.php?rest_route=\/wp\/v2\/posts\/16191\/revisions"}],"predecessor-version":[{"id":16193,"href":"https:\/\/www.egemtv.com\/index.php?rest_route=\/wp\/v2\/posts\/16191\/revisions\/16193"}],"wp:featuredmedia":[{"embeddable":true,"href":"https:\/\/www.egemtv.com\/index.php?rest_route=\/wp\/v2\/media\/16192"}],"wp:attachment":[{"href":"https:\/\/www.egemtv.com\/index.php?rest_route=%2Fwp%2Fv2%2Fmedia&parent=16191"}],"wp:term":[{"taxonomy":"category","embeddable":true,"href":"https:\/\/www.egemtv.com\/index.php?rest_route=%2Fwp%2Fv2%2Fcategories&post=16191"},{"taxonomy":"post_tag","embeddable":true,"href":"https:\/\/www.egemtv.com\/index.php?rest_route=%2Fwp%2Fv2%2Ftags&post=16191"}],"curies":[{"name":"wp","href":"https:\/\/api.w.org\/{rel}","templated":true}]}}