{"id":16188,"date":"2025-02-06T14:16:09","date_gmt":"2025-02-06T11:16:09","guid":{"rendered":"https:\/\/www.egemtv.com\/?p=16188"},"modified":"2025-02-06T14:16:13","modified_gmt":"2025-02-06T11:16:13","slug":"manisanin-nufusu-azaldi","status":"publish","type":"post","link":"https:\/\/www.egemtv.com\/?p=16188","title":{"rendered":"Manisa\u2019n\u0131n n\u00fcfusu azald\u0131"},"content":{"rendered":"<p>T\u00dc\u0130K taraf\u0131ndan a\u00e7\u0131klanan adrese dayal\u0131 n\u00fcfus kay\u0131t sistemi sonu\u00e7lar\u0131na g\u00f6re Manisa\u2019n\u0131n n\u00fcfusu uzun y\u0131llar sonra ilk kez azald\u0131. 2023 y\u0131l\u0131nda 1 milyon 475 bin 716 olan Manisa\u2019n\u0131n n\u00fcfusu 2024 verilerine g\u00f6re 363 ki\u015fi azalarak 1 milyon 475 bin 353 olarak a\u00e7\u0131kland\u0131.<br \/>\n<br \/>N\u00fcfusu s\u00fcrekli y\u00fckselen Manisa, 2008 y\u0131l\u0131nda sadece 1 y\u0131ll\u0131\u011f\u0131na ya\u015fad\u0131\u011f\u0131 n\u00fcfustaki d\u00fc\u015f\u00fc\u015f\u00fcn ard\u0131ndan 17 y\u0131l sonra yine n\u00fcfusunda azalma ya\u015fad\u0131. Manisa merkezdeki Yunusemre ve \u015eehzadeler il\u00e7elerinde n\u00fcfus azal\u0131rken, Manisa\u2019n\u0131n en b\u00fcy\u00fck il\u00e7eleri olan Akhisar, Turgutlu ve Salihli\u2019de n\u00fcfus artmaya devam etti.<br \/>\n<br \/>Ahmetli 17 bin 403, Akhisar 180 bin 509, Ala\u015fehir 105 bin 776, Demirci 35 bin 604, G\u00f6lmarmara 15 bin 176, G\u00f6rdes 25 bin 759, K\u0131rka\u011fa\u00e7 37 bin 718, K\u00f6pr\u00fcba\u015f\u0131 12 bin 404, Kula 42 bin 952, Salihli 165 bin 353, Sar\u0131g\u00f6l 35 bin 1125, Saruhanl\u0131 57 bin 935, Soma 110 bin 996, \u015eehzadeler 166 bin 228, Turgutlu 178 bin 386, Yunusemre 269 bin 160 olarak a\u00e7\u0131kland\u0131.<br \/>\n<br \/>En fazla n\u00fcfus art\u0131\u015f\u0131 s\u0131ras\u0131yla y\u00fczde 9.4 ile Akhisar, y\u00fczde 8.4 ile Saruhanl\u0131, y\u00fczde 7.4 ile Turgutlu, y\u00fczde 3.6 ile Ala\u015fehir, y\u00fczde 1.9 ile Ahmetli ve y\u00fczde 1 ile Salihli il\u00e7esinde ya\u015fan\u0131rken, K\u00f6pr\u00fcba\u015f\u0131 il\u00e7esinde n\u00fcfus y\u00fczde eksi 27.7, G\u00f6rdes\u2019te y\u00fczde eksi 18.5, Sar\u0131g\u00f6l\u2019de y\u00fczde eksi 11.2, Selendi\u2019de y\u00fczde eksi 13, Kula\u2019da y\u00fczde eksi 9.5, Demirci y\u00fczde eksi 7.4, Yunusemre\u2019de y\u00fczde eksi 5.8, K\u0131rka\u011fa\u00e7\u2019ta y\u00fczde eksi 2.8, Soma\u2019da y\u00fczde eksi 2.5, G\u00f6lmarmara\u2019da y\u00fczde eksi 2.3 olarak ger\u00e7ekle\u015fti.<br \/>\n<br \/>Manisa\u2019n\u0131n n\u00fcfusa g\u00f6re en b\u00fcy\u00fck 5 il\u00e7esi Yunusemre 269 bin 160, Akhisar 180 bin 509, Turgutlu 178 bin 386, \u015eehzadeler 166 bin 228 ve Salihli 165 bin 353 ki\u015fi ile ilk 5 s\u0131rada yer ald\u0131. Manisa\u2019n\u0131n en k\u00fc\u00e7\u00fck il\u00e7esi ise n\u00fcfusu her sene azalmaya devam eden 12 bin 404 ki\u015filik n\u00fcfusu ile K\u00f6pr\u00fcba\u015f\u0131 oldu.<br \/>\n<br \/>\u0130statistiklere g\u00f6re Manisa\u2019da 2023 y\u0131l\u0131nda 8 bin 251 olan yabanc\u0131 uyruklu n\u00fcfusu da 2024 y\u0131l\u0131nda 321 ki\u015fi azalarak 7 bin 930 olarak ger\u00e7ekle\u015fti.<br \/><\/p>\n","protected":false},"excerpt":{"rendered":"<p>T\u00dc\u0130K taraf\u0131ndan a\u00e7\u0131klanan adrese dayal\u0131 n\u00fcfus kay\u0131t sistemi sonu\u00e7lar\u0131na g\u00f6re Manisa\u2019n\u0131n n\u00fcfusu uzun y\u0131llar sonra ilk kez azald\u0131. 2023 y\u0131l\u0131nda 1 milyon 475 bin 716 olan Manisa\u2019n\u0131n n\u00fcfusu 2024 verilerine g\u00f6re 363 ki\u015fi azalarak 1 milyon 475 bin 353 olarak a\u00e7\u0131kland\u0131. N\u00fcfusu s\u00fcrekli y\u00fckselen Manisa, 2008 y\u0131l\u0131nda sadece 1 y\u0131ll\u0131\u011f\u0131na ya\u015fad\u0131\u011f\u0131 n\u00fcfustaki d\u00fc\u015f\u00fc\u015f\u00fcn ard\u0131ndan 17&#8230;<\/p>\n","protected":false},"author":1,"featured_media":16189,"comment_status":"open","ping_status":"open","sticky":false,"template":"","format":"standard","meta":{"_crdt_document":"","footnotes":""},"categories":[123],"tags":[],"class_list":["post-16188","post","type-post","status-publish","format-standard","has-post-thumbnail","hentry","category-gundem"],"_links":{"self":[{"href":"https:\/\/www.egemtv.com\/index.php?rest_route=\/wp\/v2\/posts\/16188","targetHints":{"allow":["GET"]}}],"collection":[{"href":"https:\/\/www.egemtv.com\/index.php?rest_route=\/wp\/v2\/posts"}],"about":[{"href":"https:\/\/www.egemtv.com\/index.php?rest_route=\/wp\/v2\/types\/post"}],"author":[{"embeddable":true,"href":"https:\/\/www.egemtv.com\/index.php?rest_route=\/wp\/v2\/users\/1"}],"replies":[{"embeddable":true,"href":"https:\/\/www.egemtv.com\/index.php?rest_route=%2Fwp%2Fv2%2Fcomments&post=16188"}],"version-history":[{"count":1,"href":"https:\/\/www.egemtv.com\/index.php?rest_route=\/wp\/v2\/posts\/16188\/revisions"}],"predecessor-version":[{"id":16190,"href":"https:\/\/www.egemtv.com\/index.php?rest_route=\/wp\/v2\/posts\/16188\/revisions\/16190"}],"wp:featuredmedia":[{"embeddable":true,"href":"https:\/\/www.egemtv.com\/index.php?rest_route=\/wp\/v2\/media\/16189"}],"wp:attachment":[{"href":"https:\/\/www.egemtv.com\/index.php?rest_route=%2Fwp%2Fv2%2Fmedia&parent=16188"}],"wp:term":[{"taxonomy":"category","embeddable":true,"href":"https:\/\/www.egemtv.com\/index.php?rest_route=%2Fwp%2Fv2%2Fcategories&post=16188"},{"taxonomy":"post_tag","embeddable":true,"href":"https:\/\/www.egemtv.com\/index.php?rest_route=%2Fwp%2Fv2%2Ftags&post=16188"}],"curies":[{"name":"wp","href":"https:\/\/api.w.org\/{rel}","templated":true}]}}