{"id":16181,"date":"2025-02-06T13:47:48","date_gmt":"2025-02-06T10:47:48","guid":{"rendered":"https:\/\/www.egemtv.com\/?p=16181"},"modified":"2025-02-06T13:47:53","modified_gmt":"2025-02-06T10:47:53","slug":"aliaga-limanlari-2024te-zirvede-yukte-birinci-konteynerde-rekor-2","status":"publish","type":"post","link":"https:\/\/www.egemtv.com\/?p=16181","title":{"rendered":"Alia\u011fa limanlar\u0131 2024\u2019te zirvede: y\u00fckte birinci, konteynerde rekor"},"content":{"rendered":"<p>Ula\u015ft\u0131rma ve Altyap\u0131 Bakanl\u0131\u011f\u0131 taraf\u0131ndan a\u00e7\u0131klanan 2024 y\u0131l\u0131 verileri, Alia\u011fa limanlar\u0131n\u0131n T\u00fcrkiye\u2019nin deniz ticaretindeki kritik rol\u00fcn\u00fc bir kez daha g\u00f6zler \u00f6n\u00fcne serdi. T\u00fcrkiye genelinde y\u00fck elle\u00e7leme hacminde liderli\u011fini s\u00fcrd\u00fcren Alia\u011fa, konteyner trafi\u011finde ise 2 milyon TEU s\u0131n\u0131r\u0131n\u0131 a\u015farak \u00fclke s\u0131ralamas\u0131nda \u00fc\u00e7\u00fcnc\u00fcl\u00fc\u011fe y\u00fckseldi.<br \/>\n<br \/>A\u00e7\u0131klanan verileri de\u011ferlendiren \u0130MEAK Deniz Ticaret Odas\u0131 (DTO) Alia\u011fa \u015eubesi Y\u00f6netim Kurulu Ba\u015fkan\u0131 Adem \u015eim\u015fek, Alia\u011fa limanlar\u0131n\u0131n T\u00fcrkiye ekonomisine katk\u0131s\u0131n\u0131n her ge\u00e7en y\u0131l artt\u0131\u011f\u0131n\u0131 vurgulayarak, &#8220;Alia\u011fa limanlar\u0131m\u0131z, k\u00fcresel ticaretteki belirsizliklere ra\u011fmen sekt\u00f6r\u00fcn g\u00fc\u00e7l\u00fc akt\u00f6rlerinden biri olmaya devam etmektedir. Ula\u015ft\u0131rma ve Altyap\u0131 Bakanl\u0131\u011f\u0131m\u0131z\u0131n 2024 y\u0131l\u0131 verileri, ekonomik dalgalanmalara ve k\u00fcresel krizlere ra\u011fmen faaliyetlerimizin kesintisiz s\u00fcrd\u00fc\u011f\u00fcn\u00fc ve \u00fclke ekonomisine katk\u0131m\u0131z\u0131n artt\u0131\u011f\u0131n\u0131 g\u00f6stermektedir. Sekt\u00f6r\u00fcm\u00fcz\u00fcn mevcut durumunu ortaya koyan bu veriler do\u011frultusunda, Alia\u011fa \u015eubemize ba\u011fl\u0131 limanlar\u0131m\u0131zda, \u00f6nceki y\u0131llarda oldu\u011fu gibi elle\u00e7leme faaliyetlerinin art\u0131\u015f trendini s\u00fcrd\u00fcrd\u00fc\u011f\u00fcn\u00fc g\u00f6rmekteyiz&#8221; dedi.<\/p>\n<p>&#8220;Alia\u011fa limanlar\u0131, y\u00fck elle\u00e7lemede birinci s\u0131rada&#8221;<br \/>\n<br \/>\u015eim\u015fek, Alia\u011fa B\u00f6lge Liman Ba\u015fkanl\u0131\u011f\u0131\u2019na ba\u011fl\u0131 liman i\u015fletmelerinin, T\u00fcrkiye genelinde elle\u00e7lenen y\u00fck\u00fcn y\u00fczde 16,07\u2019sine kar\u015f\u0131l\u0131k gelen 85 milyon 454 bin 864 net ton ile birinci s\u0131rada yer ald\u0131\u011f\u0131n\u0131 belirterek, &#8220;Bu tonaj\u0131n 34 milyon 215 bin 843 net tonluk k\u0131sm\u0131 y\u00fckleme (ihracat), 51 milyon 239 bin 21 net tonluk b\u00f6l\u00fcm\u00fc ise bo\u015faltma (ithalat) olarak kay\u0131tlara ge\u00e7mi\u015ftir. Bu rakamlar, b\u00f6lgenin T\u00fcrkiye\u2019nin deniz ticaretindeki stratejik konumunu bir kez daha kan\u0131tlamaktad\u0131r&#8221; ifadelerini kulland\u0131.<br \/>\n<br \/>Gemi trafi\u011fine dair verileri de payla\u015fan Ba\u015fkan \u015eim\u015fek, &#8220;2024 y\u0131l\u0131nda Alia\u011fa B\u00f6lge Liman Ba\u015fkanl\u0131\u011f\u0131 baz\u0131nda toplam 6.086 gemi limanlar\u0131m\u0131za yana\u015fm\u0131\u015ft\u0131r. 2023 y\u0131l\u0131 ile kar\u015f\u0131la\u015ft\u0131r\u0131ld\u0131\u011f\u0131nda, y\u00fczde 3,84\u2019l\u00fck bir d\u00fc\u015f\u00fc\u015f kaydedilmi\u015f olsa da, bu d\u00fc\u015f\u00fc\u015f, k\u00fcresel ticaretin genel e\u011filimleri g\u00f6z \u00f6n\u00fcne al\u0131nd\u0131\u011f\u0131nda olduk\u00e7a s\u0131n\u0131rl\u0131 kalm\u0131\u015ft\u0131r. Bu gemilerin bin 579\u2019u T\u00fcrk bayrakl\u0131, 4 bin 507\u2019si ise yabanc\u0131 bayrakl\u0131 olarak kay\u0131tlara ge\u00e7mi\u015ftir&#8221; dedi.<\/p>\n<p>&#8220;T\u00fcrkiye genelinde y\u00fck Trafi\u011fimiz Artmaya Devam Ediyor&#8221;<br \/>\n<br \/>\u015eim\u015fek, T\u00fcrkiye genelinde ta\u015f\u0131nan toplam y\u00fck\u00fcn ge\u00e7en y\u0131la g\u00f6re y\u00fczde 2,05 artarak 531 milyon 737 bin 358 tona ula\u015ft\u0131\u011f\u0131n\u0131 ifade ederek, &#8220;Kargo tiplerine g\u00f6re yap\u0131lan de\u011ferlendirmede, kat\u0131 ve s\u0131v\u0131 d\u00f6kme y\u00fcklerde k\u00fc\u00e7\u00fck d\u00fc\u015f\u00fc\u015fler g\u00f6r\u00fclmesine ra\u011fmen, genel kargo, konteyner ve ara\u00e7 ta\u015f\u0131mac\u0131l\u0131\u011f\u0131 kategorilerinde belirgin art\u0131\u015flar ya\u015fanm\u0131\u015ft\u0131r. \u00d6zellikle konteyner ta\u015f\u0131mac\u0131l\u0131\u011f\u0131 alan\u0131nda Alia\u011fa limanlar\u0131m\u0131z\u0131n sergiledi\u011fi performans, son y\u0131llardaki b\u00fcy\u00fcme trendinin \u00e7ok \u00f6tesine ge\u00e7erek \u00f6nemli bir ba\u015far\u0131ya imza atm\u0131\u015ft\u0131r&#8221; dedi.<\/p>\n<p>&#8220;Alia\u011fa, konteyner trafi\u011finde tarihi rekora ula\u015ft\u0131&#8221;<br \/>\n<br \/>Konteyner trafi\u011finde Alia\u011fa\u2019n\u0131n g\u00f6sterdi\u011fi \u00fcst\u00fcn ba\u015far\u0131ya ve k\u0131r\u0131lan rekora dikkat \u00e7eken \u015eim\u015fek, &#8220;2024 y\u0131l\u0131 verilerine g\u00f6re, T\u00fcrkiye genelinde konteynerle ta\u015f\u0131nan y\u00fck tonaj\u0131 2023 y\u0131l\u0131na k\u0131yasla y\u00fczde 7,41 artarak 143 milyon 357 bin 666 tona ula\u015fm\u0131\u015ft\u0131r. Alia\u011fa b\u00f6lgemizde bulunan \u00fc\u00e7 konteyner liman\u0131m\u0131z ise TEU bazl\u0131 elle\u00e7lemede y\u00fczde 33,64\u2019l\u00fck bir art\u0131\u015f g\u00f6stererek son y\u0131llardaki b\u00fcy\u00fcme e\u011frisinin \u00e7ok \u00fczerine \u00e7\u0131km\u0131\u015ft\u0131r. \u0130lk kez 2 milyon TEU s\u0131n\u0131r\u0131 a\u015f\u0131lm\u0131\u015f, 2 milyon 119 bin 221 TEU\u2019ya ula\u015f\u0131lm\u0131\u015f ve b\u00f6ylece T\u00fcrkiye genelinde \u00fc\u00e7\u00fcnc\u00fc s\u0131raya y\u00fckselerek rekor k\u0131r\u0131lm\u0131\u015ft\u0131r. \u00dclkemizde elle\u00e7lenen toplam konteyner trafi\u011finin y\u00fczde 15,66\u2019s\u0131 b\u00f6lgemizden ger\u00e7ekle\u015ftirilmi\u015ftir. Bu, Alia\u011fa limanlar\u0131n\u0131n konteyner ta\u015f\u0131mac\u0131l\u0131\u011f\u0131 alan\u0131nda uluslararas\u0131 rekabet g\u00fcc\u00fcn\u00fc art\u0131ran ve T\u00fcrkiye\u2019nin lojistik kapasitesini ileriye ta\u015f\u0131yan kritik bir merkez haline geldi\u011fini g\u00f6stermektedir&#8221; diye konu\u015ftu.<\/p>\n<p>&#8220;Alia\u011fa G\u00fcmr\u00fck M\u00fcd\u00fcrl\u00fc\u011f\u00fcm\u00fcz, T\u00fcrkiye\u2019nin ikinci b\u00fcy\u00fck ihracat g\u00fcmr\u00fc\u011f\u00fc oldu&#8221;<br \/>\n<br \/>Ticaret Bakanl\u0131\u011f\u0131n\u0131n 2024 y\u0131l\u0131 g\u00fcmr\u00fck verilerine de de\u011finen \u015eim\u015fek, &#8220;\u00dclke genelinde toplam ihracat\u0131m\u0131z y\u00fczde 2,44 art\u0131\u015f g\u00f6stererek 261 milyar 854 milyon 678 bin USD olarak ger\u00e7ekle\u015fmi\u015ftir. Alia\u011fa G\u00fcmr\u00fck M\u00fcd\u00fcrl\u00fc\u011f\u00fcm\u00fcz, 21 milyar 372 milyon 92 bin USD ihracat i\u015flemi ger\u00e7ekle\u015ftirerek, T\u00fcrkiye\u2019nin toplam ihracat\u0131ndan y\u00fczde 8,16 pay alm\u0131\u015ft\u0131r. Bu ba\u015far\u0131s\u0131yla, \u00fclkemizde en fazla ihracat ger\u00e7ekle\u015ftiren ikinci g\u00fcmr\u00fck m\u00fcd\u00fcrl\u00fc\u011f\u00fc konumuna y\u00fckselmi\u015ftir. \u00d6te yandan, Ticaret Bakanl\u0131\u011f\u0131m\u0131z\u0131n 2024 y\u0131l\u0131 genel ithalat verilerine g\u00f6re, T\u00fcrkiye\u2019nin toplam ithalat\u0131 y\u00fczde 4,96 azalarak 344 milyar 19 milyon 959 bin USD olarak ger\u00e7ekle\u015fmi\u015ftir. Alia\u011fa G\u00fcmr\u00fck M\u00fcd\u00fcrl\u00fc\u011f\u00fc, 14 milyar 565 milyon 75 bin USD ithalat i\u015flemi ger\u00e7ekle\u015ftirerek, T\u00fcrkiye genelinde en \u00e7ok ithalat yap\u0131lan yedinci G\u00fcmr\u00fck M\u00fcd\u00fcrl\u00fc\u011f\u00fc olmu\u015ftur&#8221; ifadelerini kulland\u0131.<\/p>\n<p>&#8220;K\u00fcresel deniz ticaretindeki g\u00fcc\u00fcm\u00fcz\u00fc art\u0131r\u0131yoruz&#8221;<br \/>\n<br \/>\u015eim\u015fek, Alia\u011fa G\u00fcmr\u00fck M\u00fcd\u00fcrl\u00fc\u011f\u00fc ve b\u00f6lgedeki t\u00fcm liman i\u015fletmelerinden ger\u00e7ekle\u015ftirilen ihracat ve ithalat i\u015flemlerinin toplam bedelinin 35 milyar 937 milyon 167 bin USD olarak kaydedildi\u011fini belirterek, &#8220;Bu rakam, T\u00fcrkiye\u2019nin yapt\u0131\u011f\u0131 toplam i\u015flem hacminin y\u00fczde 5,93\u2019\u00fcne kar\u015f\u0131l\u0131k gelmektedir. Alia\u011fa limanlar\u0131m\u0131z, sadece ulusal ticaretimiz i\u00e7in de\u011fil, k\u00fcresel deniz ta\u015f\u0131mac\u0131l\u0131\u011f\u0131 a\u011f\u0131 i\u00e7inde de kritik bir merkez haline gelmi\u015ftir. Lojistik altyap\u0131m\u0131z\u0131 g\u00fc\u00e7lendirmek ve b\u00f6lgenin rekabet g\u00fcc\u00fcn\u00fc art\u0131rmak i\u00e7in \u00e7al\u0131\u015fmalar\u0131m\u0131za h\u0131z kesmeden devam edece\u011fiz&#8221; dedi.<br \/>\n<br \/>Alia\u011fa\u2019n\u0131n denizcilik sekt\u00f6r\u00fcnde giderek artan \u00f6nemine vurgu yapan \u015eim\u015fek, &#8220;Bu ba\u015far\u0131da eme\u011fi ge\u00e7en t\u00fcm sekt\u00f6r payda\u015flar\u0131m\u0131za te\u015fekk\u00fcr ediyorum. S\u00fcrekli b\u00fcy\u00fcyen, geli\u015fen ve T\u00fcrkiye ekonomisine katk\u0131s\u0131n\u0131 art\u0131ran Alia\u011fa limanlar\u0131n\u0131n bu y\u00fckseli\u015finin \u00f6n\u00fcm\u00fczdeki y\u0131llarda da devam edece\u011fine inan\u0131yoruz. \u0130MEAK DTO Y\u00f6netim Kurulu Ba\u015fkan\u0131m\u0131z Say\u0131n Tamer K\u0131ran\u2019\u0131n liderli\u011finde, \u00fclkemiz ve b\u00f6lgemizin gelece\u011fine y\u00f6nelik sekt\u00f6rel hedeflerimizi hayata ge\u00e7irmek ve k\u00fcresel denizcilik arenas\u0131nda daha g\u00fc\u00e7l\u00fc bir konuma ula\u015fmak i\u00e7in \u00e7al\u0131\u015fmalar\u0131m\u0131z\u0131 aral\u0131ks\u0131z s\u00fcrd\u00fcrece\u011fiz&#8221; diyerek s\u00f6zlerini tamamlad\u0131.<br \/><\/p>\n","protected":false},"excerpt":{"rendered":"<p>Ula\u015ft\u0131rma ve Altyap\u0131 Bakanl\u0131\u011f\u0131 taraf\u0131ndan a\u00e7\u0131klanan 2024 y\u0131l\u0131 verileri, Alia\u011fa limanlar\u0131n\u0131n T\u00fcrkiye\u2019nin deniz ticaretindeki kritik rol\u00fcn\u00fc bir kez daha g\u00f6zler \u00f6n\u00fcne serdi. T\u00fcrkiye genelinde y\u00fck elle\u00e7leme hacminde liderli\u011fini s\u00fcrd\u00fcren Alia\u011fa, konteyner trafi\u011finde ise 2 milyon TEU s\u0131n\u0131r\u0131n\u0131 a\u015farak \u00fclke s\u0131ralamas\u0131nda \u00fc\u00e7\u00fcnc\u00fcl\u00fc\u011fe y\u00fckseldi. A\u00e7\u0131klanan verileri de\u011ferlendiren \u0130MEAK Deniz Ticaret Odas\u0131 (DTO) Alia\u011fa \u015eubesi Y\u00f6netim Kurulu Ba\u015fkan\u0131&#8230;<\/p>\n","protected":false},"author":1,"featured_media":16182,"comment_status":"open","ping_status":"open","sticky":false,"template":"","format":"standard","meta":{"_crdt_document":"","footnotes":""},"categories":[125],"tags":[],"class_list":["post-16181","post","type-post","status-publish","format-standard","has-post-thumbnail","hentry","category-ekonomi"],"_links":{"self":[{"href":"https:\/\/www.egemtv.com\/index.php?rest_route=\/wp\/v2\/posts\/16181","targetHints":{"allow":["GET"]}}],"collection":[{"href":"https:\/\/www.egemtv.com\/index.php?rest_route=\/wp\/v2\/posts"}],"about":[{"href":"https:\/\/www.egemtv.com\/index.php?rest_route=\/wp\/v2\/types\/post"}],"author":[{"embeddable":true,"href":"https:\/\/www.egemtv.com\/index.php?rest_route=\/wp\/v2\/users\/1"}],"replies":[{"embeddable":true,"href":"https:\/\/www.egemtv.com\/index.php?rest_route=%2Fwp%2Fv2%2Fcomments&post=16181"}],"version-history":[{"count":1,"href":"https:\/\/www.egemtv.com\/index.php?rest_route=\/wp\/v2\/posts\/16181\/revisions"}],"predecessor-version":[{"id":16184,"href":"https:\/\/www.egemtv.com\/index.php?rest_route=\/wp\/v2\/posts\/16181\/revisions\/16184"}],"wp:featuredmedia":[{"embeddable":true,"href":"https:\/\/www.egemtv.com\/index.php?rest_route=\/wp\/v2\/media\/16182"}],"wp:attachment":[{"href":"https:\/\/www.egemtv.com\/index.php?rest_route=%2Fwp%2Fv2%2Fmedia&parent=16181"}],"wp:term":[{"taxonomy":"category","embeddable":true,"href":"https:\/\/www.egemtv.com\/index.php?rest_route=%2Fwp%2Fv2%2Fcategories&post=16181"},{"taxonomy":"post_tag","embeddable":true,"href":"https:\/\/www.egemtv.com\/index.php?rest_route=%2Fwp%2Fv2%2Ftags&post=16181"}],"curies":[{"name":"wp","href":"https:\/\/api.w.org\/{rel}","templated":true}]}}