{"id":16167,"date":"2025-02-06T13:38:18","date_gmt":"2025-02-06T10:38:18","guid":{"rendered":"https:\/\/www.egemtv.com\/?p=16167"},"modified":"2025-02-06T13:38:23","modified_gmt":"2025-02-06T10:38:23","slug":"aydinda-basketbol-turnuvasi-tempolu-basladi","status":"publish","type":"post","link":"https:\/\/www.egemtv.com\/?p=16167","title":{"rendered":"Ayd\u0131n\u2019da basketbol turnuvas\u0131 tempolu ba\u015flad\u0131"},"content":{"rendered":"<p>Ayd\u0131n\u2019da ger\u00e7ekle\u015ftirilen okullar aras\u0131 basketbol turnuvas\u0131 y\u00fcksek tempolu ma\u00e7larla ba\u015flad\u0131.<\/p>\n<p>Ayd\u0131n Gen\u00e7lik ve Spor \u0130l M\u00fcd\u00fcrl\u00fc\u011f\u00fc koordinesinde d\u00fczenlenen Okullar Aras\u0131 3&#215;3 Gen\u00e7 Erkekler Basketbol Turnuvas\u0131, bug\u00fcn ba\u015flad\u0131. Potan\u0131n gen\u00e7 y\u0131ld\u0131zlar\u0131n\u0131n sahaya \u00e7\u0131kt\u0131\u011f\u0131 turnuvaya kat\u0131lan gen\u00e7 sporcular, \u015fampiyonluk i\u00e7in ter d\u00f6kt\u00fc. Atat\u00fcrk Spor Salonu\u2019nda y\u00fcksek tempolu bir \u015fekilde ba\u015flayan ma\u00e7lar, k\u0131yas\u0131ya rekabete sahne oldu. Heyecan\u0131n doruklara ula\u015ft\u0131\u011f\u0131 m\u00fcsabakalarda sporun birle\u015ftirici g\u00fcc\u00fcne de vurgu yap\u0131l\u0131rken, Ayd\u0131n Gen\u00e7lik ve Spor \u0130l M\u00fcd\u00fcrl\u00fc\u011f\u00fc yapt\u0131\u011f\u0131 payla\u015f\u0131mla gen\u00e7 sporculara ba\u015far\u0131lar diledi.<br \/><\/p>\n","protected":false},"excerpt":{"rendered":"<p>Ayd\u0131n\u2019da ger\u00e7ekle\u015ftirilen okullar aras\u0131 basketbol turnuvas\u0131 y\u00fcksek tempolu ma\u00e7larla ba\u015flad\u0131. Ayd\u0131n Gen\u00e7lik ve Spor \u0130l M\u00fcd\u00fcrl\u00fc\u011f\u00fc koordinesinde d\u00fczenlenen Okullar Aras\u0131 3&#215;3 Gen\u00e7 Erkekler Basketbol Turnuvas\u0131, bug\u00fcn ba\u015flad\u0131. Potan\u0131n gen\u00e7 y\u0131ld\u0131zlar\u0131n\u0131n sahaya \u00e7\u0131kt\u0131\u011f\u0131 turnuvaya kat\u0131lan gen\u00e7 sporcular, \u015fampiyonluk i\u00e7in ter d\u00f6kt\u00fc. Atat\u00fcrk Spor Salonu\u2019nda y\u00fcksek tempolu bir \u015fekilde ba\u015flayan ma\u00e7lar, k\u0131yas\u0131ya rekabete sahne oldu. Heyecan\u0131n doruklara&#8230;<\/p>\n","protected":false},"author":1,"featured_media":16168,"comment_status":"open","ping_status":"open","sticky":false,"template":"","format":"standard","meta":{"_crdt_document":"","footnotes":""},"categories":[4],"tags":[],"class_list":["post-16167","post","type-post","status-publish","format-standard","has-post-thumbnail","hentry","category-spor"],"_links":{"self":[{"href":"https:\/\/www.egemtv.com\/index.php?rest_route=\/wp\/v2\/posts\/16167","targetHints":{"allow":["GET"]}}],"collection":[{"href":"https:\/\/www.egemtv.com\/index.php?rest_route=\/wp\/v2\/posts"}],"about":[{"href":"https:\/\/www.egemtv.com\/index.php?rest_route=\/wp\/v2\/types\/post"}],"author":[{"embeddable":true,"href":"https:\/\/www.egemtv.com\/index.php?rest_route=\/wp\/v2\/users\/1"}],"replies":[{"embeddable":true,"href":"https:\/\/www.egemtv.com\/index.php?rest_route=%2Fwp%2Fv2%2Fcomments&post=16167"}],"version-history":[{"count":1,"href":"https:\/\/www.egemtv.com\/index.php?rest_route=\/wp\/v2\/posts\/16167\/revisions"}],"predecessor-version":[{"id":16169,"href":"https:\/\/www.egemtv.com\/index.php?rest_route=\/wp\/v2\/posts\/16167\/revisions\/16169"}],"wp:featuredmedia":[{"embeddable":true,"href":"https:\/\/www.egemtv.com\/index.php?rest_route=\/wp\/v2\/media\/16168"}],"wp:attachment":[{"href":"https:\/\/www.egemtv.com\/index.php?rest_route=%2Fwp%2Fv2%2Fmedia&parent=16167"}],"wp:term":[{"taxonomy":"category","embeddable":true,"href":"https:\/\/www.egemtv.com\/index.php?rest_route=%2Fwp%2Fv2%2Fcategories&post=16167"},{"taxonomy":"post_tag","embeddable":true,"href":"https:\/\/www.egemtv.com\/index.php?rest_route=%2Fwp%2Fv2%2Ftags&post=16167"}],"curies":[{"name":"wp","href":"https:\/\/api.w.org\/{rel}","templated":true}]}}