{"id":16164,"date":"2025-02-06T13:38:13","date_gmt":"2025-02-06T10:38:13","guid":{"rendered":"https:\/\/www.egemtv.com\/?p=16164"},"modified":"2025-02-06T13:38:18","modified_gmt":"2025-02-06T10:38:18","slug":"muglada-6-subat-depremlerinin-ikinci-yil-donumunde-anma-programi-duzenlendi","status":"publish","type":"post","link":"https:\/\/www.egemtv.com\/?p=16164","title":{"rendered":"Mu\u011fla\u2019da, 6 \u015eubat depremlerinin ikinci y\u0131l d\u00f6n\u00fcm\u00fcnde anma program\u0131 d\u00fczenlendi"},"content":{"rendered":"<p>6 \u015eubat 2023 tarihinde Kahramanmara\u015f merkezli meydana gelen ve &#8220;asr\u0131n felaketi&#8221; olarak nitelendirilen depremlerin ikinci y\u0131l d\u00f6n\u00fcm\u00fc kapsam\u0131nda Mu\u011fla\u2019da anma program\u0131 ger\u00e7ekle\u015ftirildi. Mente\u015fe S\u0131n\u0131rs\u0131zl\u0131k Meydan\u0131\u2019nda d\u00fczenlenen etkinlikte, AFAD Mu\u011fla \u0130l Ba\u015fkanl\u0131\u011f\u0131 taraf\u0131ndan depremlerde kullan\u0131lan ekipmanlar\u0131n tan\u0131t\u0131m\u0131 da yap\u0131ld\u0131.<\/p>\n<p>Ekipman tan\u0131t\u0131m\u0131 s\u0131ras\u0131nda a\u00e7\u0131klamalarda bulunan Mu\u011fla Valisi Dr. \u0130dris Akb\u0131y\u0131k, 6 \u015eubat depremlerinde hayat\u0131n\u0131 kaybeden vatanda\u015flar\u0131 rahmetle anarak, &#8220;6 \u015eubat, asr\u0131n felaketinin y\u0131l d\u00f6n\u00fcm\u00fc. \u00d6ncelikle t\u00fcm vefat eden vatanda\u015flar\u0131m\u0131za Allah\u2019tan rahmet diliyoruz. 50 binin \u00fczerinde insan\u0131m\u0131z\u0131 kaybettik, y\u00fcz binlerce insan yaraland\u0131, milyonlarca insan evsiz kald\u0131. Allah bir daha b\u00f6yle felaketler g\u00f6stermesin&#8221; dedi.<\/p>\n<p>Malatyal\u0131 oldu\u011funu ve do\u011fdu\u011fu k\u00f6ydeki evinin de depremde y\u0131k\u0131ld\u0131\u011f\u0131n\u0131 belirten Vali Akb\u0131y\u0131k, deprem sonras\u0131 g\u00f6sterilen dayan\u0131\u015fmaya vurgu yaparak, &#8220;Cumhurba\u015fkan\u0131m\u0131z\u0131n liderli\u011finde devletin t\u00fcm kurumlar\u0131, AFAD, jandarma, belediyeler, STK\u2019lar ve yurti\u00e7i-yurtd\u0131\u015f\u0131ndan gelen yard\u0131mlarla b\u00fcy\u00fck bir dayan\u0131\u015fma \u00f6rne\u011fi sergilendi. 85 milyon insan\u0131m\u0131z tek y\u00fcrek olarak bu b\u00fcy\u00fck felaketin yaralar\u0131n\u0131 sarmak i\u00e7in elinden gelen deste\u011fi sa\u011flad\u0131. Mu\u011fla da bu s\u00fcre\u00e7te depremzedeleri misafir ederek ve b\u00f6lgeye yard\u0131mlar g\u00f6ndererek b\u00fcy\u00fck katk\u0131 sundu. Bu vesileyle Mu\u011fla halk\u0131na, i\u015f insanlar\u0131na ve STK\u2019lara te\u015fekk\u00fcr ediyorum&#8221; ifadelerini kulland\u0131.<\/p>\n<p>&#8220;Deprem \u00f6ncesi, an\u0131 ve sonras\u0131 i\u00e7in haz\u0131rl\u0131kl\u0131 olmal\u0131y\u0131z&#8221;<br \/>\n<br \/>Deprem riskinin her zaman g\u00f6z \u00f6n\u00fcnde bulundurulmas\u0131 gerekti\u011fini belirten Vali Akb\u0131y\u0131k, gerekli \u00f6nlemlerin al\u0131nmas\u0131n\u0131n \u00f6nemine dikkat \u00e7ekerek, &#8220;\u00dclkemizde deprem ger\u00e7e\u011fiyle ya\u015famak zorunday\u0131z. Deprem \u00f6ncesinde yap\u0131lar\u0131n sa\u011flam in\u015fa edilmesi, imar planlar\u0131na uyulmas\u0131 gerekiyor. Deprem an\u0131nda ise arama kurtarma ekipleri, AFAD, STK\u2019lar, g\u00f6n\u00fcll\u00fcler ve yerel y\u00f6netimlerin haz\u0131r olmas\u0131 b\u00fcy\u00fck \u00f6nem ta\u015f\u0131yor. Bireysel olarak da zorunlu deprem sigortam\u0131z\u0131 yapt\u0131rmal\u0131 ve g\u00fcvenli yap\u0131lar in\u015fa ettirmeliyiz&#8221; \u015feklinde konu\u015ftu.<br \/><\/p>\n","protected":false},"excerpt":{"rendered":"<p>6 \u015eubat 2023 tarihinde Kahramanmara\u015f merkezli meydana gelen ve &#8220;asr\u0131n felaketi&#8221; olarak nitelendirilen depremlerin ikinci y\u0131l d\u00f6n\u00fcm\u00fc kapsam\u0131nda Mu\u011fla\u2019da anma program\u0131 ger\u00e7ekle\u015ftirildi. Mente\u015fe S\u0131n\u0131rs\u0131zl\u0131k Meydan\u0131\u2019nda d\u00fczenlenen etkinlikte, AFAD Mu\u011fla \u0130l Ba\u015fkanl\u0131\u011f\u0131 taraf\u0131ndan depremlerde kullan\u0131lan ekipmanlar\u0131n tan\u0131t\u0131m\u0131 da yap\u0131ld\u0131. Ekipman tan\u0131t\u0131m\u0131 s\u0131ras\u0131nda a\u00e7\u0131klamalarda bulunan Mu\u011fla Valisi Dr. \u0130dris Akb\u0131y\u0131k, 6 \u015eubat depremlerinde hayat\u0131n\u0131 kaybeden vatanda\u015flar\u0131 rahmetle&#8230;<\/p>\n","protected":false},"author":1,"featured_media":16165,"comment_status":"open","ping_status":"open","sticky":false,"template":"","format":"standard","meta":{"_crdt_document":"","footnotes":""},"categories":[1],"tags":[],"class_list":["post-16164","post","type-post","status-publish","format-standard","has-post-thumbnail","hentry","category-guncel"],"_links":{"self":[{"href":"https:\/\/www.egemtv.com\/index.php?rest_route=\/wp\/v2\/posts\/16164","targetHints":{"allow":["GET"]}}],"collection":[{"href":"https:\/\/www.egemtv.com\/index.php?rest_route=\/wp\/v2\/posts"}],"about":[{"href":"https:\/\/www.egemtv.com\/index.php?rest_route=\/wp\/v2\/types\/post"}],"author":[{"embeddable":true,"href":"https:\/\/www.egemtv.com\/index.php?rest_route=\/wp\/v2\/users\/1"}],"replies":[{"embeddable":true,"href":"https:\/\/www.egemtv.com\/index.php?rest_route=%2Fwp%2Fv2%2Fcomments&post=16164"}],"version-history":[{"count":1,"href":"https:\/\/www.egemtv.com\/index.php?rest_route=\/wp\/v2\/posts\/16164\/revisions"}],"predecessor-version":[{"id":16166,"href":"https:\/\/www.egemtv.com\/index.php?rest_route=\/wp\/v2\/posts\/16164\/revisions\/16166"}],"wp:featuredmedia":[{"embeddable":true,"href":"https:\/\/www.egemtv.com\/index.php?rest_route=\/wp\/v2\/media\/16165"}],"wp:attachment":[{"href":"https:\/\/www.egemtv.com\/index.php?rest_route=%2Fwp%2Fv2%2Fmedia&parent=16164"}],"wp:term":[{"taxonomy":"category","embeddable":true,"href":"https:\/\/www.egemtv.com\/index.php?rest_route=%2Fwp%2Fv2%2Fcategories&post=16164"},{"taxonomy":"post_tag","embeddable":true,"href":"https:\/\/www.egemtv.com\/index.php?rest_route=%2Fwp%2Fv2%2Ftags&post=16164"}],"curies":[{"name":"wp","href":"https:\/\/api.w.org\/{rel}","templated":true}]}}