{"id":16161,"date":"2025-02-06T13:38:06","date_gmt":"2025-02-06T10:38:06","guid":{"rendered":"https:\/\/www.egemtv.com\/?p=16161"},"modified":"2025-02-06T13:38:12","modified_gmt":"2025-02-06T10:38:12","slug":"egiad-baskani-kaan-ozhelvaci-6-subat-unutulmaz-acimiz","status":"publish","type":"post","link":"https:\/\/www.egemtv.com\/?p=16161","title":{"rendered":"EG\u0130AD Ba\u015fkan\u0131 Kaan \u00d6zhelvac\u0131: &#8220;6 \u015eubat, unutulmaz ac\u0131m\u0131z&#8221;"},"content":{"rendered":"<p>Ege Gen\u00e7 \u0130\u015f \u0130nsanlar\u0131 Derne\u011fi (EG\u0130AD) Y\u00f6netim Kurulu Ba\u015fkan\u0131 Kaan \u00d6zhelvac\u0131, 6 \u015eubat Depremi\u2019nde ya\u015fam\u0131n\u0131 yitirenleri sayg\u0131 ve rahmetle anarak, y\u0131k\u0131c\u0131 depremin gelece\u011fe dair sorumluluklar\u0131m\u0131z\u0131 bir kez daha hat\u0131rlatt\u0131\u011f\u0131n\u0131 s\u00f6yledi. \u00d6zhelvac\u0131; &#8220;Deprem de\u011fil, ihmallerle in\u015fa edilen yap\u0131lar can ald\u0131&#8221; dedi.<br \/>\n<br \/>EG\u0130AD Ba\u015fkan\u0131 \u00d6zhelvac\u0131, 6 \u015eubat Depremi\u2019nin toplumsal haf\u0131zada derin izler b\u0131rakt\u0131\u011f\u0131n\u0131 belirterek, &#8220;\u0130ki y\u0131l \u00f6nce ya\u015fad\u0131\u011f\u0131m\u0131z o kara g\u00fcn, hepimizde derin bir yara a\u00e7t\u0131. Ege Denizi\u2019nde meydana gelen son depremler de \u00fclkemizin bu ger\u00e7ekle her an y\u00fczle\u015fti\u011fini bir kez daha g\u00f6zler \u00f6n\u00fcne serdi. 2020\u2019de \u0130zmir\u2019de ya\u015fad\u0131\u011f\u0131m\u0131z depremde 117 vatanda\u015f\u0131m\u0131z\u0131 kaybettik. Bu ac\u0131 tecr\u00fcbeler, bizlere g\u00fcvenli yap\u0131la\u015fman\u0131n bir tercih de\u011fil, zorunluluk oldu\u011funu g\u00f6steriyor. G\u00fcvenli kentler in\u015fa etmekte gecikti\u011fimiz her g\u00fcn, toplumumuz i\u00e7in b\u00fcy\u00fck bir risk te\u015fkil ediyor. E\u011fer vicdan\u0131 ve liyakati rehber edinmezsek, daha bir\u00e7ok felaket kar\u015f\u0131s\u0131nda tarifsiz ac\u0131lar ya\u015famaya devam edece\u011fiz&#8221; diye konu\u015ftu.<br \/>\n<br \/>Depremden etkilenen illerdeki gen\u00e7 i\u015f insan\u0131 dernekleriyle karde\u015f kurum stat\u00fcs\u00fcnde i\u015f birliklerini s\u00fcrd\u00fcrd\u00fcklerini belirten \u00d6zhelvac\u0131, &#8220;Bu \u015fehirlerin yeniden kalk\u0131nma s\u00fcrecinde ekonomik destek b\u00fcy\u00fck \u00f6nem ta\u015f\u0131yor. EG\u0130AD olarak, i\u015f d\u00fcnyas\u0131n\u0131n b\u00f6lgeye yat\u0131r\u0131m yapma konusunda daha etkin hareket etmesi gerekti\u011finize inan\u0131yoruz. 6 \u015eubat depreminin y\u0131l d\u00f6n\u00fcm\u00fcnde, hayat\u0131n\u0131 kaybedenleri rahmetle an\u0131yor, geride kalanlara sab\u0131r ve dayanma g\u00fcc\u00fc diliyoruz. Birlik ve dayan\u0131\u015fma ruhuyla, daha g\u00fcvenli bir gelecek in\u015fa etmek i\u00e7in \u00e7al\u0131\u015fmay\u0131 s\u00fcrd\u00fcrece\u011fiz&#8221; ifadelerini kulland\u0131.<br \/><\/p>\n","protected":false},"excerpt":{"rendered":"<p>Ege Gen\u00e7 \u0130\u015f \u0130nsanlar\u0131 Derne\u011fi (EG\u0130AD) Y\u00f6netim Kurulu Ba\u015fkan\u0131 Kaan \u00d6zhelvac\u0131, 6 \u015eubat Depremi\u2019nde ya\u015fam\u0131n\u0131 yitirenleri sayg\u0131 ve rahmetle anarak, y\u0131k\u0131c\u0131 depremin gelece\u011fe dair sorumluluklar\u0131m\u0131z\u0131 bir kez daha hat\u0131rlatt\u0131\u011f\u0131n\u0131 s\u00f6yledi. \u00d6zhelvac\u0131; &#8220;Deprem de\u011fil, ihmallerle in\u015fa edilen yap\u0131lar can ald\u0131&#8221; dedi. EG\u0130AD Ba\u015fkan\u0131 \u00d6zhelvac\u0131, 6 \u015eubat Depremi\u2019nin toplumsal haf\u0131zada derin izler b\u0131rakt\u0131\u011f\u0131n\u0131 belirterek, &#8220;\u0130ki y\u0131l \u00f6nce&#8230;<\/p>\n","protected":false},"author":1,"featured_media":16162,"comment_status":"open","ping_status":"open","sticky":false,"template":"","format":"standard","meta":{"_crdt_document":"","footnotes":""},"categories":[1],"tags":[],"class_list":["post-16161","post","type-post","status-publish","format-standard","has-post-thumbnail","hentry","category-guncel"],"_links":{"self":[{"href":"https:\/\/www.egemtv.com\/index.php?rest_route=\/wp\/v2\/posts\/16161","targetHints":{"allow":["GET"]}}],"collection":[{"href":"https:\/\/www.egemtv.com\/index.php?rest_route=\/wp\/v2\/posts"}],"about":[{"href":"https:\/\/www.egemtv.com\/index.php?rest_route=\/wp\/v2\/types\/post"}],"author":[{"embeddable":true,"href":"https:\/\/www.egemtv.com\/index.php?rest_route=\/wp\/v2\/users\/1"}],"replies":[{"embeddable":true,"href":"https:\/\/www.egemtv.com\/index.php?rest_route=%2Fwp%2Fv2%2Fcomments&post=16161"}],"version-history":[{"count":1,"href":"https:\/\/www.egemtv.com\/index.php?rest_route=\/wp\/v2\/posts\/16161\/revisions"}],"predecessor-version":[{"id":16163,"href":"https:\/\/www.egemtv.com\/index.php?rest_route=\/wp\/v2\/posts\/16161\/revisions\/16163"}],"wp:featuredmedia":[{"embeddable":true,"href":"https:\/\/www.egemtv.com\/index.php?rest_route=\/wp\/v2\/media\/16162"}],"wp:attachment":[{"href":"https:\/\/www.egemtv.com\/index.php?rest_route=%2Fwp%2Fv2%2Fmedia&parent=16161"}],"wp:term":[{"taxonomy":"category","embeddable":true,"href":"https:\/\/www.egemtv.com\/index.php?rest_route=%2Fwp%2Fv2%2Fcategories&post=16161"},{"taxonomy":"post_tag","embeddable":true,"href":"https:\/\/www.egemtv.com\/index.php?rest_route=%2Fwp%2Fv2%2Ftags&post=16161"}],"curies":[{"name":"wp","href":"https:\/\/api.w.org\/{rel}","templated":true}]}}