{"id":16140,"date":"2025-02-06T13:10:45","date_gmt":"2025-02-06T10:10:45","guid":{"rendered":"https:\/\/www.egemtv.com\/?p=16140"},"modified":"2025-02-06T13:10:51","modified_gmt":"2025-02-06T10:10:51","slug":"u14-erkekler-basketbol-bolge-sampiyonasi-manisada-basladi","status":"publish","type":"post","link":"https:\/\/www.egemtv.com\/?p=16140","title":{"rendered":"U14 Erkekler Basketbol B\u00f6lge \u015eampiyonas\u0131 Manisa\u2019da ba\u015flad\u0131"},"content":{"rendered":"<p>U14 Erkekler 2. B\u00f6lge 2. Grup Basketbol B\u00f6lge \u015eampiyonas\u0131, 6 ilden 8 tak\u0131m\u0131n\u0131n kat\u0131l\u0131m\u0131yla Manisa Gen\u00e7lik ve Spor \u0130l M\u00fcd\u00fcrl\u00fc\u011f\u00fc\u2019n\u00fcn ev sahipli\u011finde Atat\u00fcrk Spor Salonu\u2019nda ba\u015flad\u0131.<br \/>\n<br \/>Manisa, Antalya, Ayd\u0131n, Mu\u011fla, K\u00fctahya ve Afyon\u2019dan toplam 8 tak\u0131m\u0131n kat\u0131ld\u0131\u011f\u0131 \u015fampiyonada gen\u00e7 sporcular, hem b\u00f6lge birincili\u011fi hem de bir \u00fcst tura y\u00fckselmek i\u00e7in m\u00fccadele edecek.<br \/>\n<br \/>Manisa Gen\u00e7lik ve Spor \u0130l M\u00fcd\u00fcr\u00fc Yunus \u00d6zt\u00fcrk, turnuvaya kat\u0131lan tak\u0131mlara ba\u015far\u0131lar dileyerek, gen\u00e7lerin spordaki geli\u015fimi i\u00e7in bu t\u00fcr organizasyonlar\u0131n b\u00fcy\u00fck \u00f6nem ta\u015f\u0131d\u0131\u011f\u0131n\u0131 vurgulad\u0131.<br \/>\n<br \/>\u00d6zt\u00fcrk, &#8220;Bu gen\u00e7lerimizin aras\u0131nda \u00e7ok yetenekli basketbolcular \u00e7\u0131kaca\u011f\u0131na inan\u0131yorum. Manisa Gen\u00e7lik ve Spor \u0130l M\u00fcd\u00fcrl\u00fc\u011f\u00fc olarak bir\u00e7ok spor organizasyonuna ev sahipli\u011fi yap\u0131yoruz. Gen\u00e7lerimizin geli\u015fimine katk\u0131 sa\u011flamaya devam edece\u011fiz&#8221; dedi.<br \/><\/p>\n","protected":false},"excerpt":{"rendered":"<p>U14 Erkekler 2. B\u00f6lge 2. Grup Basketbol B\u00f6lge \u015eampiyonas\u0131, 6 ilden 8 tak\u0131m\u0131n\u0131n kat\u0131l\u0131m\u0131yla Manisa Gen\u00e7lik ve Spor \u0130l M\u00fcd\u00fcrl\u00fc\u011f\u00fc\u2019n\u00fcn ev sahipli\u011finde Atat\u00fcrk Spor Salonu\u2019nda ba\u015flad\u0131. Manisa, Antalya, Ayd\u0131n, Mu\u011fla, K\u00fctahya ve Afyon\u2019dan toplam 8 tak\u0131m\u0131n kat\u0131ld\u0131\u011f\u0131 \u015fampiyonada gen\u00e7 sporcular, hem b\u00f6lge birincili\u011fi hem de bir \u00fcst tura y\u00fckselmek i\u00e7in m\u00fccadele edecek. Manisa Gen\u00e7lik ve&#8230;<\/p>\n","protected":false},"author":1,"featured_media":16141,"comment_status":"open","ping_status":"open","sticky":false,"template":"","format":"standard","meta":{"_crdt_document":"","footnotes":""},"categories":[4],"tags":[],"class_list":["post-16140","post","type-post","status-publish","format-standard","has-post-thumbnail","hentry","category-spor"],"_links":{"self":[{"href":"https:\/\/www.egemtv.com\/index.php?rest_route=\/wp\/v2\/posts\/16140","targetHints":{"allow":["GET"]}}],"collection":[{"href":"https:\/\/www.egemtv.com\/index.php?rest_route=\/wp\/v2\/posts"}],"about":[{"href":"https:\/\/www.egemtv.com\/index.php?rest_route=\/wp\/v2\/types\/post"}],"author":[{"embeddable":true,"href":"https:\/\/www.egemtv.com\/index.php?rest_route=\/wp\/v2\/users\/1"}],"replies":[{"embeddable":true,"href":"https:\/\/www.egemtv.com\/index.php?rest_route=%2Fwp%2Fv2%2Fcomments&post=16140"}],"version-history":[{"count":1,"href":"https:\/\/www.egemtv.com\/index.php?rest_route=\/wp\/v2\/posts\/16140\/revisions"}],"predecessor-version":[{"id":16142,"href":"https:\/\/www.egemtv.com\/index.php?rest_route=\/wp\/v2\/posts\/16140\/revisions\/16142"}],"wp:featuredmedia":[{"embeddable":true,"href":"https:\/\/www.egemtv.com\/index.php?rest_route=\/wp\/v2\/media\/16141"}],"wp:attachment":[{"href":"https:\/\/www.egemtv.com\/index.php?rest_route=%2Fwp%2Fv2%2Fmedia&parent=16140"}],"wp:term":[{"taxonomy":"category","embeddable":true,"href":"https:\/\/www.egemtv.com\/index.php?rest_route=%2Fwp%2Fv2%2Fcategories&post=16140"},{"taxonomy":"post_tag","embeddable":true,"href":"https:\/\/www.egemtv.com\/index.php?rest_route=%2Fwp%2Fv2%2Ftags&post=16140"}],"curies":[{"name":"wp","href":"https:\/\/api.w.org\/{rel}","templated":true}]}}